{"id":3296,"date":"2016-12-21T13:06:03","date_gmt":"2016-12-21T16:06:03","guid":{"rendered":"http:\/\/www.radioamigavallenar.cl\/?p=3296"},"modified":"2016-12-21T13:06:03","modified_gmt":"2016-12-21T16:06:03","slug":"fiscalia-y-pdi-indagan-hallazgo-de-cadaver-de-mujer-semi-enterrado-en-huasco","status":"publish","type":"post","link":"https:\/\/www.radioamigavallenar.cl\/?p=3296","title":{"rendered":"Fiscal\u00eda y PDI indagan hallazgo de cad\u00e1ver de mujer semi enterrado en Huasco"},"content":{"rendered":"<p style=\"text-align: justify;\"><a href=\"http:\/\/www.radioamigavallenar.cl\/wp-content\/uploads\/2016\/12\/SS-HUASCO.jpg\"><img loading=\"lazy\" decoding=\"async\" class=\" size-medium wp-image-3297 aligncenter\" src=\"http:\/\/www.radioamigavallenar.cl\/wp-content\/uploads\/2016\/12\/SS-HUASCO-300x213.jpg\" alt=\"ss-huasco\" width=\"300\" height=\"213\" srcset=\"https:\/\/www.radioamigavallenar.cl\/wp-content\/uploads\/2016\/12\/SS-HUASCO-300x213.jpg 300w, https:\/\/www.radioamigavallenar.cl\/wp-content\/uploads\/2016\/12\/SS-HUASCO.jpg 700w\" sizes=\"auto, (max-width: 300px) 100vw, 300px\" \/><\/a><\/p>\n<p style=\"text-align: justify;\">Un amplio trabajo investigativo est\u00e1 desarrollando la Fiscal\u00eda de Atacama y la Brigada de Homicidios de la PDI junto al Laboratorio de Criminal\u00edstica de esta instituci\u00f3n. Esto luego del hallazgo de un cuerpo humano semi enterrado en la comuna de Huasco.<\/p>\n<p style=\"text-align: justify;\">Los antecedentes que hasta el momento se manejan indican que vecinos del sector en que fue encontrado el cuerpo, advirtieron que perros del lugar circulaban con osamentas en la v\u00eda p\u00fablica lo que motiv\u00f3 la denuncia a personal de Carabineros, quienes consiguieron llegar hasta el lugar en que finalmente se encontr\u00f3 un cuerpo que presentaba un avanzado estado de descomposici\u00f3n.<\/p>\n<p style=\"text-align: justify;\">A partir de ah\u00ed se comunic\u00f3 el hecho a la Fiscal\u00eda, ordenando en ese momento diligencias el fiscal de Freirina, Jorge Hern\u00e1ndez Angel, quien dispuso la concurrencia de personal especializado de la PDI para comenzar con el trabajo investigativo respecto del caso.<\/p>\n<p style=\"text-align: justify;\">De esta manera llegaron hasta el sector peritos de la Brigada de Homicidios y Laboratorio de Criminal\u00edstica, quienes realizaron las primeras tareas indagatorias en el cuerpo.<\/p>\n<p style=\"text-align: justify;\">\u201cA ra\u00edz de diversas diligencias cient\u00edfico t\u00e9cnicas que se est\u00e1n realizando esperamos contar a la brevedad la identidad del cuerpo de la persona de sexo femenino que fue encontrado en la comuna de Huasco. De la misma manera, y luego de la solicitud del fiscal del caso, el cuerpo de esta persona fue trasladado hasta el Servicio M\u00e9dico Legal de Vallenar para realizar la autopsia respectiva y trabajar adem\u00e1s en su identidad\u201d, indic\u00f3 el comisario de la Brigada de Homicidios, F\u00e9lix Vega.<\/p>\n<p style=\"text-align: justify;\">Por su parte, la vocera de la Fiscal\u00eda Regional, Rebeca Varas, indic\u00f3 que luego del trabajo en el lugar del hallazgo se advirtieron caracter\u00edsticas pocos comunes para este tipo de casos, las cuales ser\u00edan compatibles con la acci\u00f3n de terceras personas. Lo cual deber\u00e1 quedar establecido con el trabajo investigativo que se est\u00e1 llevando a cabo.<\/p>\n<p style=\"text-align: justify;\">\u201cLa Fiscal\u00eda est\u00e1 en condiciones de confirmar que el cuerpo encontrado se trata de una mujer adulta, de la cual se trabaja para obtener su identidad. Al mismo tiempo, se est\u00e1 realizando un trabajo de an\u00e1lisis a nivel regional frente a denuncias de presuntas desgracias que se encuentren vigentes que puedan tener alguna relaci\u00f3n con este caso\u201d, dijo la vocera.<\/p>\n","protected":false},"excerpt":{"rendered":"<p>Un amplio trabajo investigativo est\u00e1 desarrollando la Fiscal\u00eda de Atacama y la Brigada de Homicidios de la PDI junto al Laboratorio de Criminal\u00edstica de esta&hellip; <\/p>\n","protected":false},"author":2,"featured_media":3297,"comment_status":"open","ping_status":"closed","sticky":false,"template":"","format":"standard","meta":{"footnotes":""},"categories":[6],"tags":[],"class_list":["post-3296","post","type-post","status-publish","format-standard","has-post-thumbnail","hentry","category-policial"],"_links":{"self":[{"href":"https:\/\/www.radioamigavallenar.cl\/index.php?rest_route=\/wp\/v2\/posts\/3296","targetHints":{"allow":["GET"]}}],"collection":[{"href":"https:\/\/www.radioamigavallenar.cl\/index.php?rest_route=\/wp\/v2\/posts"}],"about":[{"href":"https:\/\/www.radioamigavallenar.cl\/index.php?rest_route=\/wp\/v2\/types\/post"}],"author":[{"embeddable":true,"href":"https:\/\/www.radioamigavallenar.cl\/index.php?rest_route=\/wp\/v2\/users\/2"}],"replies":[{"embeddable":true,"href":"https:\/\/www.radioamigavallenar.cl\/index.php?rest_route=%2Fwp%2Fv2%2Fcomments&post=3296"}],"version-history":[{"count":0,"href":"https:\/\/www.radioamigavallenar.cl\/index.php?rest_route=\/wp\/v2\/posts\/3296\/revisions"}],"wp:featuredmedia":[{"embeddable":true,"href":"https:\/\/www.radioamigavallenar.cl\/index.php?rest_route=\/wp\/v2\/media\/3297"}],"wp:attachment":[{"href":"https:\/\/www.radioamigavallenar.cl\/index.php?rest_route=%2Fwp%2Fv2%2Fmedia&parent=3296"}],"wp:term":[{"taxonomy":"category","embeddable":true,"href":"https:\/\/www.radioamigavallenar.cl\/index.php?rest_route=%2Fwp%2Fv2%2Fcategories&post=3296"},{"taxonomy":"post_tag","embeddable":true,"href":"https:\/\/www.radioamigavallenar.cl\/index.php?rest_route=%2Fwp%2Fv2%2Ftags&post=3296"}],"curies":[{"name":"wp","href":"https:\/\/api.w.org\/{rel}","templated":true}]}}