{"id":32956,"date":"2020-12-02T06:00:26","date_gmt":"2020-12-02T09:00:26","guid":{"rendered":"https:\/\/www.radioamigavallenar.cl\/?p=32956"},"modified":"2020-12-01T22:22:43","modified_gmt":"2020-12-02T01:22:43","slug":"avances-para-garantizar-un-mayor-acceso-a-la-justicia-margarita-contreras-rios-abogada-seremi-de-justicia-y-derechos-humanos","status":"publish","type":"post","link":"https:\/\/www.radioamigavallenar.cl\/?p=32956","title":{"rendered":"Avances para garantizar un mayor acceso a la Justicia Margarita Contreras R\u00edos, Abogada &#8211; Seremi de Justicia y Derechos Humanos"},"content":{"rendered":"<p style=\"font-weight: 400;\"><span style=\"font-style: inherit; font-weight: inherit;\">Entre los avances que han experimentado los servicios dependientes y\/o relacionados del Ministerio de Justicia y Derechos Humanos, es pertinente destacar la transformaci\u00f3n gradual del Registro Civil para operar en forma remota, sin presencia f\u00edsica en las oficinas para obtener certificados. En este sentido, vale precisar que hoy el servicio entrega anualmente m\u00e1s de 43 millones de certificados de la m\u00e1s variada \u00edndole y el 92% de ellos se tramita en forma virtual, v\u00eda internet desde celulares y t\u00f3tems de autoatenci\u00f3n y los entrega en forma gratuita solo si son obtenidos de manera virtual. Actualmente, la clave \u00fanica se puede gestionar tambi\u00e9n sin concurrir al servicio. Respecto de las c\u00e9dulas de identidad y pasaporte, se encuentra en plena licitaci\u00f3n la modernizaci\u00f3n de su otorgamiento que, a partir de 2022, permitir\u00e1 avanzar en rapidez, seguridad y reducci\u00f3n de costos, toda una revoluci\u00f3n en marcha.<\/span><\/p>\n<p style=\"font-weight: 400;\"><span style=\"font-style: inherit; font-weight: inherit;\">Es justo recordar tambi\u00e9n los profundos cambios al sistema notarial y registral en tr\u00e1mite legislativo, que les facilitar\u00e1n la vida a las personas una vez que esta iniciativa se apruebe y que est\u00e1 en segundo tr\u00e1mite constitucional en el Senado, desde enero de este a\u00f1o.<\/span><\/p>\n<p style=\"font-weight: 400;\"><span style=\"font-style: inherit; font-weight: inherit;\">En el \u00e1mbito judicial, en medio de la crisis sanitaria, el Ministerio de Justicia y DD.HH, ha retomado el camino de presentaci\u00f3n de la tan anhelada reforma procesal civil, as\u00ed como de cambios sustantivos en el sistema de justicia penal, que incluyen el nuevo C\u00f3digo Penal, tribunales de ejecuci\u00f3n de penas y un Servicio Nacional de Acceso a la Justicia (con defensor\u00eda de v\u00edctimas), entre otras iniciativas.<\/span><\/p>\n<p style=\"font-weight: 400;\"><span style=\"font-style: inherit; font-weight: inherit;\">Junto a lo anterior, en el mes de septiembre, el Ministerio de Justicia y Derechos Humanos present\u00f3 un proyecto que propone cambios transitorios y permanentes en la judicatura penal, civil, de familia y laboral, introduciendo reglas que procuran dar eficacia al sistema de justicia, limitando la presencia f\u00edsica de las personas en los tribunales e incorporando tecnolog\u00eda y modificaciones normativas a los principales procedimientos. Lo anterior, no solo permitir\u00e1 postergar en forma transitoria el plazo para enfrentar lo inmediato, sino que, bajo la l\u00f3gica de modernizar la din\u00e1mica de funcionamiento de los tribunales, se reforman diversas instituciones procesales que operan a\u00fan como si estuvi\u00e9ramos en el siglo pasado.<\/span><\/p>\n<p style=\"font-weight: 400;\"><span style=\"font-style: inherit; font-weight: inherit;\">El gobierno est\u00e1 haciendo su trabajo con dedicaci\u00f3n y compromiso, sin duda, son muchos los desaf\u00edos que a\u00fan est\u00e1n pendientes para avanzar en mayor acceso a la justicia. Ahora corresponder\u00e1 al Congreso avanzar en estas iniciativas, pues son las \u00fanicas que aseguran el acceso a la justicia y permiten proteger en forma debida los derechos fundamentales de las personas.<\/span><\/p>\n","protected":false},"excerpt":{"rendered":"<p>Entre los avances que han experimentado los servicios dependientes y\/o relacionados del Ministerio de Justicia y Derechos Humanos, es pertinente destacar la transformaci\u00f3n gradual del&hellip; <\/p>\n","protected":false},"author":2,"featured_media":32957,"comment_status":"open","ping_status":"closed","sticky":false,"template":"","format":"standard","meta":{"footnotes":""},"categories":[7],"tags":[],"class_list":["post-32956","post","type-post","status-publish","format-standard","has-post-thumbnail","hentry","category-atacama"],"_links":{"self":[{"href":"https:\/\/www.radioamigavallenar.cl\/index.php?rest_route=\/wp\/v2\/posts\/32956","targetHints":{"allow":["GET"]}}],"collection":[{"href":"https:\/\/www.radioamigavallenar.cl\/index.php?rest_route=\/wp\/v2\/posts"}],"about":[{"href":"https:\/\/www.radioamigavallenar.cl\/index.php?rest_route=\/wp\/v2\/types\/post"}],"author":[{"embeddable":true,"href":"https:\/\/www.radioamigavallenar.cl\/index.php?rest_route=\/wp\/v2\/users\/2"}],"replies":[{"embeddable":true,"href":"https:\/\/www.radioamigavallenar.cl\/index.php?rest_route=%2Fwp%2Fv2%2Fcomments&post=32956"}],"version-history":[{"count":1,"href":"https:\/\/www.radioamigavallenar.cl\/index.php?rest_route=\/wp\/v2\/posts\/32956\/revisions"}],"predecessor-version":[{"id":32958,"href":"https:\/\/www.radioamigavallenar.cl\/index.php?rest_route=\/wp\/v2\/posts\/32956\/revisions\/32958"}],"wp:featuredmedia":[{"embeddable":true,"href":"https:\/\/www.radioamigavallenar.cl\/index.php?rest_route=\/wp\/v2\/media\/32957"}],"wp:attachment":[{"href":"https:\/\/www.radioamigavallenar.cl\/index.php?rest_route=%2Fwp%2Fv2%2Fmedia&parent=32956"}],"wp:term":[{"taxonomy":"category","embeddable":true,"href":"https:\/\/www.radioamigavallenar.cl\/index.php?rest_route=%2Fwp%2Fv2%2Fcategories&post=32956"},{"taxonomy":"post_tag","embeddable":true,"href":"https:\/\/www.radioamigavallenar.cl\/index.php?rest_route=%2Fwp%2Fv2%2Ftags&post=32956"}],"curies":[{"name":"wp","href":"https:\/\/api.w.org\/{rel}","templated":true}]}}