{"id":32944,"date":"2020-12-02T06:00:04","date_gmt":"2020-12-02T09:00:04","guid":{"rendered":"https:\/\/www.radioamigavallenar.cl\/?p=32944"},"modified":"2020-12-01T22:16:48","modified_gmt":"2020-12-02T01:16:48","slug":"vecinos-de-tierra-amarilla-conocen-cartera-de-proyectos-para-fundicion-de-enami-por-us-3-millones","status":"publish","type":"post","link":"https:\/\/www.radioamigavallenar.cl\/?p=32944","title":{"rendered":"Vecinos de Tierra Amarilla conocen cartera de proyectos para fundici\u00f3n de ENAMI por US$ 3 millones"},"content":{"rendered":"<p class=\" \">Con un robusto recorrido por los hitos clave que permitir\u00e1n a la fundici\u00f3n Hern\u00e1n Videla Lira avanzar en una operaci\u00f3n m\u00e1s sustentable, se retom\u00f3 el Programa de Visitas Guiadas -respetando medidas preventivas y protocolos Covid-19- que la Empresa Nacional de Miner\u00eda (ENAMI) pone a disposici\u00f3n para que sus comunidades vecinas conozcan las mejoras realizadas en el plantel y que han permitido robustecer el sistema de captura de emisiones de gases alcanzando 95,8%. Tambi\u00e9n para informar sobre los proyectos que se encuentran en cartera y que permitir\u00e1n avanzar en un mejor manejo de gases, elevando el est\u00e1ndar de operaci\u00f3n del plantel, su compromiso con el medio ambiente y sus comunidades vecinas.<\/p>\n<p class=\" \">La media docena de iniciativas contemplan una inversi\u00f3n de US$ 3 millones y se encuentran programadas entre 2020 y 2021. Entre ellas, destaca la implementaci\u00f3n de c\u00e1maras termogr\u00e1ficas para la detecci\u00f3n de emisiones por campanas, la captaci\u00f3n de gases fugitivos en el Horno El\u00e9ctrico y en el Convertidor Teniente. Medidas que permitir\u00e1n avanzar en un proceso de automatizaci\u00f3n que busca reforzar el trabajo que ha desarrollado el plantel y que se refleja con una disminuci\u00f3n de 62, 3% de los impactos ambientales -promedios por sobre la actual normativa ambiental- entre 2018 y 2020.<\/p>\n<p class=\" \">Adem\u00e1s, las organizaciones pudieron conocer a trabajadores de distintas \u00e1reas, quienes detallaron sus responsabilidades en la operaci\u00f3n y las medidas que se adoptan cuando las condiciones ambientales -factor de alta relevancia- son adversas.<\/p>\n<p class=\" \">\u201cEstamos muy agradecidos de esta invitaci\u00f3n para ver el cambio que se ha realizado en la fundici\u00f3n, en beneficio de nuestros vecinos de la comuna de Tierra Amarilla. Nosotros hemos trabajado muy bien, de la mano con la empresa, con capacitaciones y ayuda a la comunidad\u201d, indic\u00f3 Lila Campos, presidenta de la Uni\u00f3n Comunal de Tierra Amarilla. La dirigente comunal enfatiz\u00f3 en que \u201cfelicito a la empresa que se est\u00e1 acercando m\u00e1s a la gente y a la comunidad\u201d.<\/p>\n<p class=\" \">En tanto, Thalia Barral, vicepresidente Junta de Vecinos Santiago 1, explic\u00f3 que \u201cme pareci\u00f3 bastante interesante el recorrido y que ENAMI est\u00e9 comunicando y colaborando con la comunidad para que nosotros veamos el trabajo en terreno y conocer las planificaciones que tiene a futuro y todo el trabajo que hay detr\u00e1s. Muchas veces nosotros criticamos, pero no sabemos el trabajo que hay de parte de la empresa\u201d. \u201cEspero que ENAMI mejore su trazabilidad de gases que hoy est\u00e1 en 95% y que pretenden llegar a 98%, creo que eso habla muy bien de la empresa y de su preocupaci\u00f3n medioambiental<\/p>\n<p class=\" \">\u201cEsta iniciativa es parte de nuestro plan de relaciones comunitarias, y el fin es poder acercar a la comunidad para que ellos conozcan en terreno todos los procesos que son parte del Complejo Metal\u00fargico, por ello nos interesa que los dirigentes y sus vecinos puedan conocer nuestro plan, nuestros proyectos que est\u00e1n en carpeta y que ser\u00e1n implementados de ac\u00e1 a fin de a\u00f1o y parte del pr\u00f3ximo y que precisamente buscan disminuir los impactos en nuestras comunidades\u201d, finaliz\u00f3 el jefe de Relaciones Comunitarias de ENAMI, Rodrigo Mora.<\/p>\n","protected":false},"excerpt":{"rendered":"<p>Con un robusto recorrido por los hitos clave que permitir\u00e1n a la fundici\u00f3n Hern\u00e1n Videla Lira avanzar en una operaci\u00f3n m\u00e1s sustentable, se retom\u00f3 el&hellip; <\/p>\n","protected":false},"author":2,"featured_media":32945,"comment_status":"open","ping_status":"closed","sticky":false,"template":"","format":"standard","meta":{"footnotes":""},"categories":[34,38],"tags":[],"class_list":["post-32944","post","type-post","status-publish","format-standard","has-post-thumbnail","hentry","category-mineria","category-portada-regional"],"_links":{"self":[{"href":"https:\/\/www.radioamigavallenar.cl\/index.php?rest_route=\/wp\/v2\/posts\/32944","targetHints":{"allow":["GET"]}}],"collection":[{"href":"https:\/\/www.radioamigavallenar.cl\/index.php?rest_route=\/wp\/v2\/posts"}],"about":[{"href":"https:\/\/www.radioamigavallenar.cl\/index.php?rest_route=\/wp\/v2\/types\/post"}],"author":[{"embeddable":true,"href":"https:\/\/www.radioamigavallenar.cl\/index.php?rest_route=\/wp\/v2\/users\/2"}],"replies":[{"embeddable":true,"href":"https:\/\/www.radioamigavallenar.cl\/index.php?rest_route=%2Fwp%2Fv2%2Fcomments&post=32944"}],"version-history":[{"count":1,"href":"https:\/\/www.radioamigavallenar.cl\/index.php?rest_route=\/wp\/v2\/posts\/32944\/revisions"}],"predecessor-version":[{"id":32946,"href":"https:\/\/www.radioamigavallenar.cl\/index.php?rest_route=\/wp\/v2\/posts\/32944\/revisions\/32946"}],"wp:featuredmedia":[{"embeddable":true,"href":"https:\/\/www.radioamigavallenar.cl\/index.php?rest_route=\/wp\/v2\/media\/32945"}],"wp:attachment":[{"href":"https:\/\/www.radioamigavallenar.cl\/index.php?rest_route=%2Fwp%2Fv2%2Fmedia&parent=32944"}],"wp:term":[{"taxonomy":"category","embeddable":true,"href":"https:\/\/www.radioamigavallenar.cl\/index.php?rest_route=%2Fwp%2Fv2%2Fcategories&post=32944"},{"taxonomy":"post_tag","embeddable":true,"href":"https:\/\/www.radioamigavallenar.cl\/index.php?rest_route=%2Fwp%2Fv2%2Ftags&post=32944"}],"curies":[{"name":"wp","href":"https:\/\/api.w.org\/{rel}","templated":true}]}}