{"id":3293,"date":"2016-12-21T13:03:57","date_gmt":"2016-12-21T16:03:57","guid":{"rendered":"http:\/\/www.radioamigavallenar.cl\/?p=3293"},"modified":"2016-12-22T09:44:23","modified_gmt":"2016-12-22T12:44:23","slug":"duenas-de-casas-de-villa-el-eden-se-benefician-con-proyecto-recreativo-en-vallenar","status":"publish","type":"post","link":"https:\/\/www.radioamigavallenar.cl\/?p=3293","title":{"rendered":"Due\u00f1as de Casas de Villa El Ed\u00e9n se benefician con proyecto recreativo en Vallenar"},"content":{"rendered":"<p style=\"text-align: justify;\"><a href=\"http:\/\/www.radioamigavallenar.cl\/wp-content\/uploads\/2016\/12\/Villa-El-Ed\u00e9n.jpg\"><img loading=\"lazy\" decoding=\"async\" class=\" size-medium wp-image-3294 aligncenter\" src=\"http:\/\/www.radioamigavallenar.cl\/wp-content\/uploads\/2016\/12\/Villa-El-Ed\u00e9n-300x200.jpg\" alt=\"villa-el-eden\" width=\"300\" height=\"200\" srcset=\"https:\/\/www.radioamigavallenar.cl\/wp-content\/uploads\/2016\/12\/Villa-El-Ed\u00e9n-300x200.jpg 300w, https:\/\/www.radioamigavallenar.cl\/wp-content\/uploads\/2016\/12\/Villa-El-Ed\u00e9n.jpg 700w\" sizes=\"auto, (max-width: 300px) 100vw, 300px\" \/><\/a><\/p>\n<p style=\"text-align: justify;\">La Junta de Vecinos Valle del Huasco de Villa El Ed\u00e9n de Vallenar, finaliz\u00f3 con \u00e9xito el proyecto recreativo denominado \u201cAhora les toca a ellas, jornada de recreaci\u00f3n para las due\u00f1as de casas de Villa El Ed\u00e9n\u201d, financiado gracias al concurso Fondo Nacional de Desarrollo Regional \u2013FNDR- Glosa 2% Actividades Sociales y Prevenci\u00f3n de Drogas.<\/p>\n<p style=\"text-align: justify;\">\u201cEsta iniciativa nace de la idea de que las ni\u00f1as siempre andaban detr\u00e1s de que quer\u00edan talleres de gimnasia, talleres de gimnasia y se present\u00f3 la oportunidad de postular a este fondo y se realiz\u00f3. Contenta por el t\u00e9rmino de este proyecto muy bonito, las ni\u00f1as quedaron contentas porque dentro del proyecto se adquirieron los bienes que fueron para ellas pr\u00e1cticamente, un buzo, una polera, que son muy bonitas, as\u00ed que quedaron felices y ahora quieren nuevamente repetir el proyecto\u201d, coment\u00f3 Mar\u00eda C\u00e1ceres Aravena, presidenta de la Junta de Vecinos Valle del Huasco.<\/p>\n<p style=\"text-align: justify;\">El proyecto se trat\u00f3 de clases de baile entretenido, zumba y recreaci\u00f3n realizadas por la monitora Lee Anne Stone, las cuales se ejecutaron en dependencias de la Escuela Hermanos Carrera, la cual se encuentra inserta en el sector de Villa El Ed\u00e9n y permiti\u00f3 que mujeres due\u00f1as de casas de la villa, pudieran mejorar su calidad de vida a trav\u00e9s de la actividad f\u00edsica.<\/p>\n<p style=\"text-align: justify;\">La inversi\u00f3n del proyecto fue superior a los 7 millones de pesos y la actividad de cierre se realiz\u00f3 en dependencias de la sede de la Junta de Vecinos Valle del Huasco, ceremonia que cont\u00f3 con la presencia del alcalde (s) Jorge Villalobos; la profesional de \u00e1rea social y cultural del Gobierno Regional, Rosa Quevedo; la concejala, Norma Torrej\u00f3n; vecinos y vecinas del sector.<\/p>\n","protected":false},"excerpt":{"rendered":"<p>La Junta de Vecinos Valle del Huasco de Villa El Ed\u00e9n de Vallenar, finaliz\u00f3 con \u00e9xito el proyecto recreativo denominado \u201cAhora les toca a ellas,&hellip; <\/p>\n","protected":false},"author":2,"featured_media":3294,"comment_status":"open","ping_status":"closed","sticky":false,"template":"","format":"standard","meta":{"footnotes":""},"categories":[8],"tags":[],"class_list":["post-3293","post","type-post","status-publish","format-standard","has-post-thumbnail","hentry","category-deportes"],"_links":{"self":[{"href":"https:\/\/www.radioamigavallenar.cl\/index.php?rest_route=\/wp\/v2\/posts\/3293","targetHints":{"allow":["GET"]}}],"collection":[{"href":"https:\/\/www.radioamigavallenar.cl\/index.php?rest_route=\/wp\/v2\/posts"}],"about":[{"href":"https:\/\/www.radioamigavallenar.cl\/index.php?rest_route=\/wp\/v2\/types\/post"}],"author":[{"embeddable":true,"href":"https:\/\/www.radioamigavallenar.cl\/index.php?rest_route=\/wp\/v2\/users\/2"}],"replies":[{"embeddable":true,"href":"https:\/\/www.radioamigavallenar.cl\/index.php?rest_route=%2Fwp%2Fv2%2Fcomments&post=3293"}],"version-history":[{"count":0,"href":"https:\/\/www.radioamigavallenar.cl\/index.php?rest_route=\/wp\/v2\/posts\/3293\/revisions"}],"wp:featuredmedia":[{"embeddable":true,"href":"https:\/\/www.radioamigavallenar.cl\/index.php?rest_route=\/wp\/v2\/media\/3294"}],"wp:attachment":[{"href":"https:\/\/www.radioamigavallenar.cl\/index.php?rest_route=%2Fwp%2Fv2%2Fmedia&parent=3293"}],"wp:term":[{"taxonomy":"category","embeddable":true,"href":"https:\/\/www.radioamigavallenar.cl\/index.php?rest_route=%2Fwp%2Fv2%2Fcategories&post=3293"},{"taxonomy":"post_tag","embeddable":true,"href":"https:\/\/www.radioamigavallenar.cl\/index.php?rest_route=%2Fwp%2Fv2%2Ftags&post=3293"}],"curies":[{"name":"wp","href":"https:\/\/api.w.org\/{rel}","templated":true}]}}