{"id":32929,"date":"2020-12-01T12:26:34","date_gmt":"2020-12-01T15:26:34","guid":{"rendered":"https:\/\/www.radioamigavallenar.cl\/?p=32929"},"modified":"2020-12-01T12:26:34","modified_gmt":"2020-12-01T15:26:34","slug":"tc-deja-en-suspenso-accion-contra-el-segundo-retiro-del-10-solicita-mas-antecedentes","status":"publish","type":"post","link":"https:\/\/www.radioamigavallenar.cl\/?p=32929","title":{"rendered":"TC deja en suspenso acci\u00f3n contra el segundo retiro del 10%: solicita m\u00e1s antecedentes"},"content":{"rendered":"<p>El pleno del Tribunal Constitucional solicit\u00f3 m\u00e1s antecedentes al Congreso Nacional para pronunciarse sobre el requerimiento presentado por el Gobierno, respecto a la constitucionalidad de la reforma presentada por diputados de oposici\u00f3n para un segundo retiro del 10%.<\/p>\n<p>De esta forma,\u00a0<strong>queda en suspenso la decisi\u00f3n del TC sobre acoger a tr\u00e1mite y la admisibilidad del requerimiento del Gobierno,\u00a0<\/strong>que cuestionaba principalmente el m\u00e9todo utilizado por los diputados de oposici\u00f3n para aprobar un segundo retiro del 10% de los fondos de pensiones.<\/p>\n<p>El requerimiento presentado el pasado 22 de noviembre por el Ejecutivo, sosten\u00eda que presentar una reforma constitucional transitoria para abordar el retiro de los fondos de pensiones, se trataba de un resquicio legal y contraven\u00eda la Carta Magna.<br \/>\n<strong><br \/>\n\u201cEsta pr\u00e1ctica es inconstitucional, atenta contra nuestro ordenamiento jur\u00eddico y Estado de Derecho<\/strong>, y no respeta instituciones fundamentales de nuestro orden Constitucional, como la iniciativa exclusiva del Presidente en materia de gasto p\u00fablico, seguridad social e impuestos\u201d, indic\u00f3 el Gobierno.<\/p>\n<p>Al mismo tiempo,<strong>\u00a0el Gobierno tambi\u00e9n present\u00f3 un proyecto propio de retiro del 10% de los fondos de pensiones,<\/strong>\u00a0tanto \u00e9ste como la reforma de los diputados de oposici\u00f3n fueron votados por la sala del Senado el pasado jueves, siendo el primero aprobado y el segundo rechazado.<\/p>\n<p>La principal diferencia entre ambas iniciativas, radica en que el proyecto del Gobierno contempla el retiro de fondos de pensiones como ingreso, por tanto est\u00e1 sujeto al cobro de impuestos, para personas con rentas superiores a los 650 mil pesos mensuales.<\/p>\n","protected":false},"excerpt":{"rendered":"<p>El pleno del Tribunal Constitucional solicit\u00f3 m\u00e1s antecedentes al Congreso Nacional para pronunciarse sobre el requerimiento presentado por el Gobierno, respecto a la constitucionalidad de&hellip; <\/p>\n","protected":false},"author":2,"featured_media":32930,"comment_status":"open","ping_status":"closed","sticky":false,"template":"","format":"standard","meta":{"footnotes":""},"categories":[37],"tags":[],"class_list":["post-32929","post","type-post","status-publish","format-standard","has-post-thumbnail","hentry","category-nacional"],"_links":{"self":[{"href":"https:\/\/www.radioamigavallenar.cl\/index.php?rest_route=\/wp\/v2\/posts\/32929","targetHints":{"allow":["GET"]}}],"collection":[{"href":"https:\/\/www.radioamigavallenar.cl\/index.php?rest_route=\/wp\/v2\/posts"}],"about":[{"href":"https:\/\/www.radioamigavallenar.cl\/index.php?rest_route=\/wp\/v2\/types\/post"}],"author":[{"embeddable":true,"href":"https:\/\/www.radioamigavallenar.cl\/index.php?rest_route=\/wp\/v2\/users\/2"}],"replies":[{"embeddable":true,"href":"https:\/\/www.radioamigavallenar.cl\/index.php?rest_route=%2Fwp%2Fv2%2Fcomments&post=32929"}],"version-history":[{"count":1,"href":"https:\/\/www.radioamigavallenar.cl\/index.php?rest_route=\/wp\/v2\/posts\/32929\/revisions"}],"predecessor-version":[{"id":32931,"href":"https:\/\/www.radioamigavallenar.cl\/index.php?rest_route=\/wp\/v2\/posts\/32929\/revisions\/32931"}],"wp:featuredmedia":[{"embeddable":true,"href":"https:\/\/www.radioamigavallenar.cl\/index.php?rest_route=\/wp\/v2\/media\/32930"}],"wp:attachment":[{"href":"https:\/\/www.radioamigavallenar.cl\/index.php?rest_route=%2Fwp%2Fv2%2Fmedia&parent=32929"}],"wp:term":[{"taxonomy":"category","embeddable":true,"href":"https:\/\/www.radioamigavallenar.cl\/index.php?rest_route=%2Fwp%2Fv2%2Fcategories&post=32929"},{"taxonomy":"post_tag","embeddable":true,"href":"https:\/\/www.radioamigavallenar.cl\/index.php?rest_route=%2Fwp%2Fv2%2Ftags&post=32929"}],"curies":[{"name":"wp","href":"https:\/\/api.w.org\/{rel}","templated":true}]}}