{"id":3290,"date":"2016-12-21T12:55:11","date_gmt":"2016-12-21T15:55:11","guid":{"rendered":"http:\/\/www.radioamigavallenar.cl\/?p=3290"},"modified":"2016-12-21T12:55:11","modified_gmt":"2016-12-21T15:55:11","slug":"seremi-de-educacion-felicita-a-departamentos-de-educacion-del-huasco-por-avances-en-plan-de-anticipacion-a-la-nueva-educacion-publica","status":"publish","type":"post","link":"https:\/\/www.radioamigavallenar.cl\/?p=3290","title":{"rendered":"Seremi de Educaci\u00f3n felicita a Departamentos de Educaci\u00f3n del Huasco por avances en Plan de Anticipaci\u00f3n a la Nueva Educaci\u00f3n P\u00fablica"},"content":{"rendered":"<p style=\"text-align: justify;\"><a href=\"http:\/\/www.radioamigavallenar.cl\/wp-content\/uploads\/2016\/12\/Seremi-sostenedores.jpg\"><img loading=\"lazy\" decoding=\"async\" class=\" size-medium wp-image-3291 aligncenter\" src=\"http:\/\/www.radioamigavallenar.cl\/wp-content\/uploads\/2016\/12\/Seremi-sostenedores-300x200.jpg\" alt=\"seremi-sostenedores\" width=\"300\" height=\"200\" srcset=\"https:\/\/www.radioamigavallenar.cl\/wp-content\/uploads\/2016\/12\/Seremi-sostenedores-300x200.jpg 300w, https:\/\/www.radioamigavallenar.cl\/wp-content\/uploads\/2016\/12\/Seremi-sostenedores.jpg 700w\" sizes=\"auto, (max-width: 300px) 100vw, 300px\" \/><\/a><\/p>\n<p style=\"text-align: justify;\">En reuni\u00f3n programada por la Red de Sostenedores del Huasco, fueron presentadas algunas inquietudes y particularidades sobre las iniciativas que incorporan el Plan de Anticipaci\u00f3n 2016 a la Seremi de Educaci\u00f3n, Pilar Soto Rivas; la coordinadora territorial del Plan de Anticipaci\u00f3n Huasco, M\u00f3nica Hidalgo; y profesionales del Ministerio de Educaci\u00f3n encargados del Plan de Anticipaci\u00f3n, Leonardo Vega y Rodrigo Valenzuela.<\/p>\n<p style=\"text-align: justify;\">El encuentro tuvo lugar en el sal\u00f3n Edmundo Quezada de la Unidad T\u00e9cnica Pedag\u00f3gica de Daem Vallenar, d\u00f3nde el encargado de Inform\u00e1tica Daem, Jorge Morales Radonic, dio a conocer el sitio web que dar\u00e1 difusi\u00f3n al trabajo que est\u00e1 llevando a cabo la Red de Sostenedores del Huasco en todo el territorio de anticipaci\u00f3n, adem\u00e1s del video promocional.<\/p>\n<p style=\"text-align: justify;\">Al respecto, la Seremi de Educaci\u00f3n felicit\u00f3 al equipo por la creatividad y motivaci\u00f3n demostrada en los avances presentados, manifestando su compromiso en continuar destacando la inmensa relevancia que tienen las regiones para el desarrollo del pa\u00eds.<\/p>\n<p style=\"text-align: justify;\">\u201cNos hemos sorprendido gratamente del gran trabajo territorial que est\u00e1n haciendo la Red de Sostenedores de la Provincia del Huasco, sin duda un ejemplo de trabajo mancomunado y solidario que est\u00e1n desarrollando estas comunas y el d\u00eda de ma\u00f1ana se consolidar\u00e1 en una reuni\u00f3n interna, con actores a nivel central del Ministerio de Educaci\u00f3n, quienes vendr\u00e1n a escuchar precisamente lo que nos quiere decir el territorio del Huasco, en torno al trabajo desarrollado este 2016\u201d, coment\u00f3 Soto Rivas.<\/p>\n<p style=\"text-align: justify;\"><strong>Desarrollo Profesional Docente<\/strong><\/p>\n<p style=\"text-align: justify;\">La autoridad ha estado presente en la comuna durante las \u00faltimas semanas, ya que en conjunto al Comit\u00e9 Profesional Docente est\u00e1n elaborando una Estrategia Local de Desarrollo Profesional para reforzar su trabajo pedag\u00f3gica. En estas jornadas han estado presente los jefes Daem de la provincia y los presidentes regionales y comunales del Colegio de Profesores.<\/p>\n<p style=\"text-align: justify;\">Entre las diversas actividades que contempla esta estrategia, destaca el desarrollo del taller participativo con docentes de aula de toda la provincia sobre necesidades docentes, que se realiz\u00f3 en la Escuela Ignacio Carrera Pinto con una amplia convocatoria.<\/p>\n<p style=\"text-align: justify;\">\u201cSin duda para nosotros lo m\u00e1s relevante tambi\u00e9n es lo que ocurrir\u00e1 en los pr\u00f3ximos d\u00edas, en torno al levantamiento de los requerimientos que hacen los docentes de aula sobre sus necesidades de capacitaci\u00f3n y de fortalecer el trabajo pedag\u00f3gico que estos realizan\u201d, agreg\u00f3 la Seremi de Educaci\u00f3n, Pilar Soto Rivas.<\/p>\n<p style=\"text-align: justify;\">Visita el sitio web de la Red de Sostenedores del Huasco en <a href=\"http:\/\/www.slehuasco.cl\">www.slehuasco.cl<\/a><\/p>\n","protected":false},"excerpt":{"rendered":"<p>En reuni\u00f3n programada por la Red de Sostenedores del Huasco, fueron presentadas algunas inquietudes y particularidades sobre las iniciativas que incorporan el Plan de Anticipaci\u00f3n&hellip; <\/p>\n","protected":false},"author":2,"featured_media":3291,"comment_status":"open","ping_status":"closed","sticky":false,"template":"","format":"standard","meta":{"footnotes":""},"categories":[2],"tags":[],"class_list":["post-3290","post","type-post","status-publish","format-standard","has-post-thumbnail","hentry","category-vallenar"],"_links":{"self":[{"href":"https:\/\/www.radioamigavallenar.cl\/index.php?rest_route=\/wp\/v2\/posts\/3290","targetHints":{"allow":["GET"]}}],"collection":[{"href":"https:\/\/www.radioamigavallenar.cl\/index.php?rest_route=\/wp\/v2\/posts"}],"about":[{"href":"https:\/\/www.radioamigavallenar.cl\/index.php?rest_route=\/wp\/v2\/types\/post"}],"author":[{"embeddable":true,"href":"https:\/\/www.radioamigavallenar.cl\/index.php?rest_route=\/wp\/v2\/users\/2"}],"replies":[{"embeddable":true,"href":"https:\/\/www.radioamigavallenar.cl\/index.php?rest_route=%2Fwp%2Fv2%2Fcomments&post=3290"}],"version-history":[{"count":0,"href":"https:\/\/www.radioamigavallenar.cl\/index.php?rest_route=\/wp\/v2\/posts\/3290\/revisions"}],"wp:featuredmedia":[{"embeddable":true,"href":"https:\/\/www.radioamigavallenar.cl\/index.php?rest_route=\/wp\/v2\/media\/3291"}],"wp:attachment":[{"href":"https:\/\/www.radioamigavallenar.cl\/index.php?rest_route=%2Fwp%2Fv2%2Fmedia&parent=3290"}],"wp:term":[{"taxonomy":"category","embeddable":true,"href":"https:\/\/www.radioamigavallenar.cl\/index.php?rest_route=%2Fwp%2Fv2%2Fcategories&post=3290"},{"taxonomy":"post_tag","embeddable":true,"href":"https:\/\/www.radioamigavallenar.cl\/index.php?rest_route=%2Fwp%2Fv2%2Ftags&post=3290"}],"curies":[{"name":"wp","href":"https:\/\/api.w.org\/{rel}","templated":true}]}}