{"id":32797,"date":"2020-11-28T09:20:18","date_gmt":"2020-11-28T12:20:18","guid":{"rendered":"https:\/\/www.radioamigavallenar.cl\/?p=32797"},"modified":"2020-11-28T09:20:18","modified_gmt":"2020-11-28T12:20:18","slug":"cores-confirman-avances-favorables-para-60-familias-de-el-jilguero-en-vallenar","status":"publish","type":"post","link":"https:\/\/www.radioamigavallenar.cl\/?p=32797","title":{"rendered":"CORES confirman avances favorables para 60 familias de El Jilguero en Vallenar"},"content":{"rendered":"<ul>\n<li><strong>En la Comisi\u00f3n Provincial de Huasco se anunci\u00f3 que, en febrero de 2021, recibir\u00e1n sus t\u00edtulos de dominio y se iniciar\u00e1 proyecto para otorgarles energ\u00eda el\u00e9ctrica.<\/strong><\/li>\n<\/ul>\n<p>Con buenas noticias culmin\u00f3 la reuni\u00f3n de la Comisi\u00f3n Provincial de Huasco, del Consejo Regional de Atacama, desarrollada este jueves, tras lograr soluciones concretas a la situaci\u00f3n que est\u00e1n viviendo unas 60 familias que habitan en el sector El Jilguero, comuna de Vallenar, en relaci\u00f3n a poder contar con su t\u00edtulo de dominio y con electricidad para sus viviendas.<\/p>\n<p>De acuerdo a esto, la Presidenta de la Comisi\u00f3n Provincial de Huasco, Fabiola P\u00e9rez, inform\u00f3 que \u201cel que nuestras comunidades mejoren su calidad de vida es el desaf\u00edo que nos planteamos en nuestra labor como consejeros regionales, es as\u00ed que, al ser informados respecto a que 60 familias del sector El Jilguero, en febrero del 2021, recibir\u00edan sus t\u00edtulos de dominio y se iniciar\u00eda el proyecto de dotaci\u00f3n de energ\u00eda el\u00e9ctrica de sus viviendas, nos llena de satisfacci\u00f3n y, adem\u00e1s, demuestra que el trabajo realizado por la comunidad en conjunto con el municipio de Vallenar y bienes nacionales ha dado favorables resultados; as\u00ed tambi\u00e9n, reconocer el aporte de la empresa CGE en este proceso \u201c.<\/p>\n<p>Durante la reuni\u00f3n, participaron los vecinos del Comit\u00e9 de Adelanto El Sol, del sector El Jilguero, representados por Ang\u00e9lica Araya, quien plante\u00f3 a los consejeros regionales, Fabiola P\u00e9rez, Rebeca Torrej\u00f3n y Juan Santana, sus inquietudes sobre poder vivir de forma digna junto a sus familias.<\/p>\n<p>Sobre esto mismo, la Consejera Rebeca Torrej\u00f3n coment\u00f3 que \u201cestoy muy contenta porque hace un tiempo atr\u00e1s se me acerc\u00f3 Ang\u00e9lica Araya, del Comit\u00e9 El Jilguero, muy preocupada por este problema. Ellos est\u00e1n luchando por 35 familias, pero van a hacer 60 grupos familiares que se estar\u00edan adjudicando la electrificaci\u00f3n y los t\u00edtulos de dominio pendientes a trav\u00e9s del Ministerio de Bienes Nacionales\u201d.<\/p>\n<p>La autoridad agreg\u00f3 que \u201ccomo Consejera y como representante de la Comisi\u00f3n de Desarrollo Social, me tienen muy conformes las soluciones dadas a conocer. Esto lo convers\u00e9 con la Consejera Fabiola P\u00e9rez y de inmediato gener\u00f3 una reuni\u00f3n para poder indagar este tema en la Comisi\u00f3n Provincial de Huasco. De aqu\u00ed a febrero, ellos van a obtener sus t\u00edtulos de dominio y van a poder conectarse a la electricidad, algo que realmente es muy necesaria en estos momentos\u201d, enfatiz\u00f3 la CORE Rebeca Torrej\u00f3n.<\/p>\n<p>Cabe se\u00f1alar que, en la reuni\u00f3n realizada v\u00eda zoom estuvieron presentes: el alcalde (S) de Vallenar, Jorge Villalobos; la seremi de Bienes Nacionales, Carla Guaita, y su equipo de trabajo; adem\u00e1s del Delegado de la empresa el\u00e9ctrica CGE, de la provincia de Huasco, Luis Concha.<\/p>\n","protected":false},"excerpt":{"rendered":"<p>En la Comisi\u00f3n Provincial de Huasco se anunci\u00f3 que, en febrero de 2021, recibir\u00e1n sus t\u00edtulos de dominio y se iniciar\u00e1 proyecto para otorgarles energ\u00eda&hellip; <\/p>\n","protected":false},"author":2,"featured_media":32798,"comment_status":"open","ping_status":"closed","sticky":false,"template":"","format":"standard","meta":{"footnotes":""},"categories":[7,1,2],"tags":[],"class_list":["post-32797","post","type-post","status-publish","format-standard","has-post-thumbnail","hentry","category-atacama","category-provincia-del-huasco-2","category-vallenar"],"_links":{"self":[{"href":"https:\/\/www.radioamigavallenar.cl\/index.php?rest_route=\/wp\/v2\/posts\/32797","targetHints":{"allow":["GET"]}}],"collection":[{"href":"https:\/\/www.radioamigavallenar.cl\/index.php?rest_route=\/wp\/v2\/posts"}],"about":[{"href":"https:\/\/www.radioamigavallenar.cl\/index.php?rest_route=\/wp\/v2\/types\/post"}],"author":[{"embeddable":true,"href":"https:\/\/www.radioamigavallenar.cl\/index.php?rest_route=\/wp\/v2\/users\/2"}],"replies":[{"embeddable":true,"href":"https:\/\/www.radioamigavallenar.cl\/index.php?rest_route=%2Fwp%2Fv2%2Fcomments&post=32797"}],"version-history":[{"count":1,"href":"https:\/\/www.radioamigavallenar.cl\/index.php?rest_route=\/wp\/v2\/posts\/32797\/revisions"}],"predecessor-version":[{"id":32799,"href":"https:\/\/www.radioamigavallenar.cl\/index.php?rest_route=\/wp\/v2\/posts\/32797\/revisions\/32799"}],"wp:featuredmedia":[{"embeddable":true,"href":"https:\/\/www.radioamigavallenar.cl\/index.php?rest_route=\/wp\/v2\/media\/32798"}],"wp:attachment":[{"href":"https:\/\/www.radioamigavallenar.cl\/index.php?rest_route=%2Fwp%2Fv2%2Fmedia&parent=32797"}],"wp:term":[{"taxonomy":"category","embeddable":true,"href":"https:\/\/www.radioamigavallenar.cl\/index.php?rest_route=%2Fwp%2Fv2%2Fcategories&post=32797"},{"taxonomy":"post_tag","embeddable":true,"href":"https:\/\/www.radioamigavallenar.cl\/index.php?rest_route=%2Fwp%2Fv2%2Ftags&post=32797"}],"curies":[{"name":"wp","href":"https:\/\/api.w.org\/{rel}","templated":true}]}}