{"id":32793,"date":"2020-11-28T09:18:09","date_gmt":"2020-11-28T12:18:09","guid":{"rendered":"https:\/\/www.radioamigavallenar.cl\/?p=32793"},"modified":"2020-11-28T09:18:23","modified_gmt":"2020-11-28T12:18:23","slug":"gobierno-anuncia-bono-covid-navidad-para-mas-de-3-millones-de-hogares","status":"publish","type":"post","link":"https:\/\/www.radioamigavallenar.cl\/?p=32793","title":{"rendered":"Gobierno anuncia Bono COVID Navidad para m\u00e1s de 3 millones de hogares"},"content":{"rendered":"<p><strong>El Mandatario, en un punto de prensa, indic\u00f3 que el monto ser\u00e1 de $25 mil por cada integrante del hogar.<\/strong><span id=\"more-227522\"><\/span><\/p>\n<p>El presidente\u00a0<strong>Sebasti\u00e1n Pi\u00f1era<\/strong> anunci\u00f3 ayer viernes que se se entregar\u00e1 un \u2018<strong>Bono Covid de Navidad\u2019.<\/strong><\/p>\n<p>Seg\u00fan detall\u00f3,\u00a0el monto base ser\u00e1 de<strong>\u00a0$25 mil por cada integrante del hogar<\/strong>\u00a0y se le entregar\u00e1 \u00aba todas las familias que recibieron el\u00a0<strong>sexto pago del Ingreso Familiar de Emergencia\u00a0<\/strong>(IFE)\u00bb.<\/p>\n<p>Por otro lado, mencion\u00f3 que las familias que est\u00e9n en\u00a0<strong>comunas con cuarentena\u00a0<\/strong>van a recibir un<strong>\u00a0bono especial de 55 mil pesos por cada integrante<\/strong>\u00a0de la familia.\u00a0 Si bien el Mandatario no precis\u00f3 la fecha de la entrega de este bono y c\u00f3mo se realizar\u00e1 el corte de comunas en cuarentena, s\u00ed sostuvo que este bono\u00a0<strong>va a beneficiar a\u00a03,4 millones de familias.<\/strong><\/p>\n","protected":false},"excerpt":{"rendered":"<p>El Mandatario, en un punto de prensa, indic\u00f3 que el monto ser\u00e1 de $25 mil por cada integrante del hogar. El presidente\u00a0Sebasti\u00e1n Pi\u00f1era anunci\u00f3 ayer&hellip; <\/p>\n","protected":false},"author":2,"featured_media":32794,"comment_status":"open","ping_status":"closed","sticky":false,"template":"","format":"standard","meta":{"footnotes":""},"categories":[34],"tags":[],"class_list":["post-32793","post","type-post","status-publish","format-standard","has-post-thumbnail","hentry","category-mineria"],"_links":{"self":[{"href":"https:\/\/www.radioamigavallenar.cl\/index.php?rest_route=\/wp\/v2\/posts\/32793","targetHints":{"allow":["GET"]}}],"collection":[{"href":"https:\/\/www.radioamigavallenar.cl\/index.php?rest_route=\/wp\/v2\/posts"}],"about":[{"href":"https:\/\/www.radioamigavallenar.cl\/index.php?rest_route=\/wp\/v2\/types\/post"}],"author":[{"embeddable":true,"href":"https:\/\/www.radioamigavallenar.cl\/index.php?rest_route=\/wp\/v2\/users\/2"}],"replies":[{"embeddable":true,"href":"https:\/\/www.radioamigavallenar.cl\/index.php?rest_route=%2Fwp%2Fv2%2Fcomments&post=32793"}],"version-history":[{"count":2,"href":"https:\/\/www.radioamigavallenar.cl\/index.php?rest_route=\/wp\/v2\/posts\/32793\/revisions"}],"predecessor-version":[{"id":32796,"href":"https:\/\/www.radioamigavallenar.cl\/index.php?rest_route=\/wp\/v2\/posts\/32793\/revisions\/32796"}],"wp:featuredmedia":[{"embeddable":true,"href":"https:\/\/www.radioamigavallenar.cl\/index.php?rest_route=\/wp\/v2\/media\/32794"}],"wp:attachment":[{"href":"https:\/\/www.radioamigavallenar.cl\/index.php?rest_route=%2Fwp%2Fv2%2Fmedia&parent=32793"}],"wp:term":[{"taxonomy":"category","embeddable":true,"href":"https:\/\/www.radioamigavallenar.cl\/index.php?rest_route=%2Fwp%2Fv2%2Fcategories&post=32793"},{"taxonomy":"post_tag","embeddable":true,"href":"https:\/\/www.radioamigavallenar.cl\/index.php?rest_route=%2Fwp%2Fv2%2Ftags&post=32793"}],"curies":[{"name":"wp","href":"https:\/\/api.w.org\/{rel}","templated":true}]}}