{"id":32790,"date":"2020-11-28T09:16:47","date_gmt":"2020-11-28T12:16:47","guid":{"rendered":"https:\/\/www.radioamigavallenar.cl\/?p=32790"},"modified":"2020-11-28T09:16:47","modified_gmt":"2020-11-28T12:16:47","slug":"ministerio-de-las-culturas-apoya-proyecto-educativo-del-liceo-de-musica","status":"publish","type":"post","link":"https:\/\/www.radioamigavallenar.cl\/?p=32790","title":{"rendered":"Ministerio de las Culturas apoya proyecto educativo del Liceo de M\u00fasica"},"content":{"rendered":"<p><strong>Por medio de becas de perfeccionamiento y compra de instrumento musical, adquisici\u00f3n de un software para implementar un taller de producci\u00f3n musical, y recursos para la itinerancia del Coro de educaci\u00f3n b\u00e1sica.<\/strong><\/p>\n<p>El Ministerio de las Culturas, las Artes y el Patrimonio, benefici\u00f3 con 4 iniciativas del Fondo de Fomento al Arte en la Educaci\u00f3n (FAE), al Liceo Bicentenario de M\u00fasica Hugo Garrido Gaete, con recursos que ascienden a un poco m\u00e1s de 25 millones de pesos, que permitir\u00e1n al establecimiento fortalecer su proyecto educativo.<\/p>\n<p>En este contexto, la Seremi de las Culturas, las Artes y el Patrimonio de Atacama, Mar\u00eda Cecilia Simunovic Ram\u00edrez, se reuni\u00f3 con la directora del liceo, Daniela Guzm\u00e1n Torres, y los docentes Juan Cort\u00e9s y Javier Rojas, para dialogar sobre las iniciativas del FAE que beneficiar\u00e1n el establecimiento, y de c\u00f3mo estas aportar\u00e1n en la formaci\u00f3n de sus estudiantes.<\/p>\n<p>\u201cEn primera instancia felicito al Liceo Bicentenario de M\u00fasica, Hugo Garrido Gaete, por el tremendo aporte educacional que realizan a la regi\u00f3n y el pa\u00eds, con la formaci\u00f3n de estudiantes con una valiosa calidad humana, que son una contribuci\u00f3n para nuestra sociedad, y de los que nos sentimos orgullosos. Nos hemos reunido con la directora Daniela Guzm\u00e1n y los docentes del establecimiento, Javier Rojas y Juan Cort\u00e9s, para dialogar sobre las iniciativas del Fondo de Fomento al Arte, FAE que les ha adjudicado nuestro ministerio, y que son en total 4, que estamos seguros ser\u00e1n un apoyo para el proyecto educativo del liceo, y un aliciente para sus docentes, directivos y estudiantes\u201d, mencion\u00f3 la Seremi Mar\u00eda Cecilia Simunovic.<\/p>\n<p>En la oportunidad, la directora agradeci\u00f3 al ministerio de las Culturas por la adjudicaci\u00f3n de estos proyectos, indicando que sin duda ser\u00e1n un apoyo a la labor educativa del establecimiento educacional, y una oportunidad para sus estudiantes.<\/p>\n<p style=\"text-align: center;\"><strong>INICIATIVAS<\/strong><\/p>\n<p>Al respecto, el profesor de m\u00fasica del liceo bicentenario, Javier Rojas Rojas, desarrollador de los proyectos, mencion\u00f3 que \u201csomos un colegio art\u00edstico p\u00fablico, y en esa l\u00ednea postulamos a diversas modalidades al FAE, donde nos adjudicamos una beca de perfeccionamiento en percusi\u00f3n cl\u00e1sica para el estudiante Luis Balcazar, la adquisici\u00f3n de un piano vertical para el estudiante Osvaldo Vega de la comuna de Tierra Amarilla, un proyecto para mejoramiento del curr\u00edculum con la implementaci\u00f3n de un taller de producci\u00f3n musical, y que estar\u00e1 a cargo de profesores especialistas, y una cuarta iniciativa que consiste en una itinerancia por distintos establecimientos educacionales de la comuna de Copiap\u00f3, con el Coro de ense\u00f1anza b\u00e1sica del liceo, la que estamos viendo si la podremos implementar de manera presencial o virtual, seg\u00fan la situaci\u00f3n sanitaria en la que nos encontremos\u201d, explic\u00f3.<\/p>\n<p>La Seremi de las Culturas, las Artes y el Patrimonio en Atacama, explic\u00f3 que el FAE\u00a0 tiene por objetivo el financiamiento total o parcial, de proyectos que contribuyan al fortalecimiento de procesos de formaci\u00f3n art\u00edstica y programas de educaci\u00f3n en artes, de ni\u00f1os, ni\u00f1as y j\u00f3venes en edad escolar, impartidos por instituciones educativas y culturales, a trav\u00e9s de programas de educaci\u00f3n formal y no formal.<\/p>\n","protected":false},"excerpt":{"rendered":"<p>Por medio de becas de perfeccionamiento y compra de instrumento musical, adquisici\u00f3n de un software para implementar un taller de producci\u00f3n musical, y recursos para&hellip; <\/p>\n","protected":false},"author":2,"featured_media":32791,"comment_status":"open","ping_status":"closed","sticky":false,"template":"","format":"standard","meta":{"footnotes":""},"categories":[7],"tags":[],"class_list":["post-32790","post","type-post","status-publish","format-standard","has-post-thumbnail","hentry","category-atacama"],"_links":{"self":[{"href":"https:\/\/www.radioamigavallenar.cl\/index.php?rest_route=\/wp\/v2\/posts\/32790","targetHints":{"allow":["GET"]}}],"collection":[{"href":"https:\/\/www.radioamigavallenar.cl\/index.php?rest_route=\/wp\/v2\/posts"}],"about":[{"href":"https:\/\/www.radioamigavallenar.cl\/index.php?rest_route=\/wp\/v2\/types\/post"}],"author":[{"embeddable":true,"href":"https:\/\/www.radioamigavallenar.cl\/index.php?rest_route=\/wp\/v2\/users\/2"}],"replies":[{"embeddable":true,"href":"https:\/\/www.radioamigavallenar.cl\/index.php?rest_route=%2Fwp%2Fv2%2Fcomments&post=32790"}],"version-history":[{"count":1,"href":"https:\/\/www.radioamigavallenar.cl\/index.php?rest_route=\/wp\/v2\/posts\/32790\/revisions"}],"predecessor-version":[{"id":32792,"href":"https:\/\/www.radioamigavallenar.cl\/index.php?rest_route=\/wp\/v2\/posts\/32790\/revisions\/32792"}],"wp:featuredmedia":[{"embeddable":true,"href":"https:\/\/www.radioamigavallenar.cl\/index.php?rest_route=\/wp\/v2\/media\/32791"}],"wp:attachment":[{"href":"https:\/\/www.radioamigavallenar.cl\/index.php?rest_route=%2Fwp%2Fv2%2Fmedia&parent=32790"}],"wp:term":[{"taxonomy":"category","embeddable":true,"href":"https:\/\/www.radioamigavallenar.cl\/index.php?rest_route=%2Fwp%2Fv2%2Fcategories&post=32790"},{"taxonomy":"post_tag","embeddable":true,"href":"https:\/\/www.radioamigavallenar.cl\/index.php?rest_route=%2Fwp%2Fv2%2Ftags&post=32790"}],"curies":[{"name":"wp","href":"https:\/\/api.w.org\/{rel}","templated":true}]}}