{"id":32787,"date":"2020-11-28T09:15:03","date_gmt":"2020-11-28T12:15:03","guid":{"rendered":"https:\/\/www.radioamigavallenar.cl\/?p=32787"},"modified":"2020-11-28T09:15:03","modified_gmt":"2020-11-28T12:15:03","slug":"comision-mixta-definira-hoy-sabado-conclusiones-sobre-ley-de-presupuesto","status":"publish","type":"post","link":"https:\/\/www.radioamigavallenar.cl\/?p=32787","title":{"rendered":"Comisi\u00f3n Mixta definir\u00e1 hoy s\u00e1bado conclusiones sobre Ley de Presupuesto"},"content":{"rendered":"<div id=\"mvp-content-main\" class=\"left relative\">\n<p>Luego de buscar acuerdos para el proyecto durante todo este viernes, la comisi\u00f3n decidi\u00f3 sesionar nuevamente este s\u00e1bado 28 de noviembre los detalles faltantes.<span id=\"more-227602\"><\/span><\/p>\n<p>&nbsp;<\/p>\n<p>Durante toda la jornada de hoy, la<strong>\u00a0Comisi\u00f3n Mixta\u00a0<\/strong>que busca acuerdos sobre diferentes partidas del proyecto de<strong>\u00a0Ley de Presupuesto de la Naci\u00f3n<\/strong>\u00a0<strong>para 2021,<\/strong>\u00a0sesion\u00f3 acerca de temas referentes a salud, educaci\u00f3n, reactivaci\u00f3n econ\u00f3mica, inversi\u00f3n p\u00fablica y generaci\u00f3n de empleos.<\/p>\n<p>No obstante, detalles referentes a la\u00a0<strong>nueva redacci\u00f3n del texto legal\u00a0<\/strong>obligaron a la comisi\u00f3n a sesionar nuevamente ma\u00f1ana, a partir de las 09:00 horas.<\/p>\n<p>As\u00ed lo dio a conocer<strong>\u00a0el presidente de la instancia, Jorge Pizarro, quien se\u00f1al\u00f3 que \u201cestamos trabajando con el Ejecutivo y todos los asesores y la Secretar\u00eda en la b\u00fasqueda de entendimiento, en especial en el financiamiento de educaci\u00f3n superior, inversi\u00f3n p\u00fablica, empleo, apoyo a las familias y la emergencia sanitaria\u201d<\/strong>, y a\u00f1adi\u00f3 que \u00abestamos en la etapa de la redacci\u00f3n definitiva de la ley esto va a demorar la sesi\u00f3n y convocaremos a la Comisi\u00f3n Mixta a las 9 horas, de este s\u00e1bado 28 de noviembre, de manera telem\u00e1tica para efectos de la tranquilidad de todos\u00bb.<\/p>\n<p>Asimismo, Pizarro valor\u00f3 el presupuesto presentado en la comisi\u00f3n, indicando que\u00a0<strong>\u00abse trata de un presupuesto in\u00e9dito<\/strong>, en tiempos especiales y el esfuerzo que se ha hecho es concordar al m\u00e1ximo posible que la implementaci\u00f3n de la ley responda a las necesidades desde el punto de vista social y sanitario\u00bb.<\/p>\n<p>El plazo constitucional para el despacho del proyecto de ley vence este domingo 29 de noviembre y ambas C\u00e1maras programaron sesiones especiales para dar curso definitivo al presupuesto para el pr\u00f3ximo a\u00f1o.<\/p>\n<\/div>\n<div id=\"mvp-content-bot\" class=\"left\">\n<div class=\"mvp-post-tags\"><\/div>\n<\/div>\n","protected":false},"excerpt":{"rendered":"<p>Luego de buscar acuerdos para el proyecto durante todo este viernes, la comisi\u00f3n decidi\u00f3 sesionar nuevamente este s\u00e1bado 28 de noviembre los detalles faltantes. &nbsp;&hellip; <\/p>\n","protected":false},"author":2,"featured_media":32788,"comment_status":"open","ping_status":"closed","sticky":false,"template":"","format":"standard","meta":{"footnotes":""},"categories":[37],"tags":[],"class_list":["post-32787","post","type-post","status-publish","format-standard","has-post-thumbnail","hentry","category-nacional"],"_links":{"self":[{"href":"https:\/\/www.radioamigavallenar.cl\/index.php?rest_route=\/wp\/v2\/posts\/32787","targetHints":{"allow":["GET"]}}],"collection":[{"href":"https:\/\/www.radioamigavallenar.cl\/index.php?rest_route=\/wp\/v2\/posts"}],"about":[{"href":"https:\/\/www.radioamigavallenar.cl\/index.php?rest_route=\/wp\/v2\/types\/post"}],"author":[{"embeddable":true,"href":"https:\/\/www.radioamigavallenar.cl\/index.php?rest_route=\/wp\/v2\/users\/2"}],"replies":[{"embeddable":true,"href":"https:\/\/www.radioamigavallenar.cl\/index.php?rest_route=%2Fwp%2Fv2%2Fcomments&post=32787"}],"version-history":[{"count":1,"href":"https:\/\/www.radioamigavallenar.cl\/index.php?rest_route=\/wp\/v2\/posts\/32787\/revisions"}],"predecessor-version":[{"id":32789,"href":"https:\/\/www.radioamigavallenar.cl\/index.php?rest_route=\/wp\/v2\/posts\/32787\/revisions\/32789"}],"wp:featuredmedia":[{"embeddable":true,"href":"https:\/\/www.radioamigavallenar.cl\/index.php?rest_route=\/wp\/v2\/media\/32788"}],"wp:attachment":[{"href":"https:\/\/www.radioamigavallenar.cl\/index.php?rest_route=%2Fwp%2Fv2%2Fmedia&parent=32787"}],"wp:term":[{"taxonomy":"category","embeddable":true,"href":"https:\/\/www.radioamigavallenar.cl\/index.php?rest_route=%2Fwp%2Fv2%2Fcategories&post=32787"},{"taxonomy":"post_tag","embeddable":true,"href":"https:\/\/www.radioamigavallenar.cl\/index.php?rest_route=%2Fwp%2Fv2%2Ftags&post=32787"}],"curies":[{"name":"wp","href":"https:\/\/api.w.org\/{rel}","templated":true}]}}