{"id":32554,"date":"2020-11-23T12:30:52","date_gmt":"2020-11-23T15:30:52","guid":{"rendered":"https:\/\/www.radioamigavallenar.cl\/?p=32554"},"modified":"2020-11-23T12:30:52","modified_gmt":"2020-11-23T15:30:52","slug":"camara-baja-defendera-ante-el-tribunal-constitucional-el-segundo-retiro-del-10","status":"publish","type":"post","link":"https:\/\/www.radioamigavallenar.cl\/?p=32554","title":{"rendered":"C\u00e1mara Baja defender\u00e1 ante el Tribunal Constitucional el segundo retiro del 10%"},"content":{"rendered":"<p>La Corporaci\u00f3n concurrir\u00e1 institucionalmente, tras aprobar con amplio margen el giro de fondos de pensiones.<\/p>\n<p>\u00abTenemos que defender nuestro trabajo ante esta arremetida del Gobierno para intentar echarlo abajo\u00bb, dijo el jefe de bancada del PPD, Ra\u00fal Soto.<\/p>\n<p>Los jefes de bancada de la C\u00e1mara de Diputados acordaron que<strong>\u00a0la Corporaci\u00f3n\u00a0defender\u00e1 ante el Tribunal Constitucional al proyecto que busca permitir un segundo retiro\u00a0del 10 por ciento de los fondos de pensiones.<\/strong><\/p>\n<p>La decisi\u00f3n fue confirmada por el jefe de bancada del PPD,\u00a0<strong>Ra\u00fal Soto<\/strong>, quien coment\u00f3 que \u00abfue aprobada en reuni\u00f3n de comit\u00e9 nuestra solicitud para que la C\u00e1mara de Diputados, de manera institucional, vaya al Tribunal Constitucional a defender la reforma constitucional que permite el segundo retiro del 10 por ciento de AFP sin letra chica, que ya fue declarado admisible en la C\u00e1mara y aprobado de forma transversal por 130 diputados\u00bb.<\/p>\n<p><strong>\u00abTenemos que defender nuestro trabajo ante esta arremetida del Gobierno del Presidente Sebasti\u00e1n Pi\u00f1era para intentar echarlo abajo\u00bb<\/strong>, dijo.<\/p>\n<p>Durante la tarde de este domingo el Gobierno confirm\u00f3 que recurrir\u00e1 al Tribunal Constitucional con el fin de que se declare inconstitucional la iniciativa presentada por los parlamentarios, ante la cual ya presentaron un contraproyecto.<\/p>\n<h6 style=\"text-align: center;\"><strong>Postura del Senado<\/strong><\/h6>\n<p>Desde el Senado, su vicepresidente\u00a0<strong>Rabindranath Quinteros<\/strong>\u00a0confirm\u00f3 que la iniciativa ser\u00e1 puesta como primera prioridad en la tabla de este mi\u00e9rcoles, pese a la postura del Ejecutivo.<\/p>\n<p><strong>\u00abEl gobierno quiere secuestrar el proyecto del Congreso, llev\u00e1ndolo al TC, para que prioricemos su propia iniciativa<\/strong>, que es restrictiva e insuficiente. Parece que al gobierno le interesa m\u00e1s cuidar a las AFP que permitir a los chilenos acceder a sus propios ahorros\u00bb, recalc\u00f3.<\/p>\n<p>\u00abEl Presidente dice que con este requerimiento al Tribunal Constitucional, el gobierno cumple con su promesa de respetar la constituci\u00f3n y las leyes. \u00bfY por qu\u00e9 no recurri\u00f3 al TC cuando se aprob\u00f3 el primer retiro? \u00bfFalt\u00f3 el gobierno a su deber entonces?\u00bb, cuestion\u00f3 Quinteros.<\/p>\n<p>Para el parlamentario, \u00abel retiro parcial de los fondos de pensiones se explica por la urgencia provocada por la pandemia. Si el gobierno hubiera tomado otro tipo de medidas para garantizar la seguridad social de la poblaci\u00f3n, como una ingreso garantizado de emergencia digno, no estar\u00edamos discutiendo si la gente puede o no recurrir a sus pensiones\u00bb.<\/p>\n","protected":false},"excerpt":{"rendered":"<p>La Corporaci\u00f3n concurrir\u00e1 institucionalmente, tras aprobar con amplio margen el giro de fondos de pensiones. \u00abTenemos que defender nuestro trabajo ante esta arremetida del Gobierno&hellip; <\/p>\n","protected":false},"author":2,"featured_media":22349,"comment_status":"open","ping_status":"closed","sticky":false,"template":"","format":"standard","meta":{"footnotes":""},"categories":[37],"tags":[],"class_list":["post-32554","post","type-post","status-publish","format-standard","has-post-thumbnail","hentry","category-nacional"],"_links":{"self":[{"href":"https:\/\/www.radioamigavallenar.cl\/index.php?rest_route=\/wp\/v2\/posts\/32554","targetHints":{"allow":["GET"]}}],"collection":[{"href":"https:\/\/www.radioamigavallenar.cl\/index.php?rest_route=\/wp\/v2\/posts"}],"about":[{"href":"https:\/\/www.radioamigavallenar.cl\/index.php?rest_route=\/wp\/v2\/types\/post"}],"author":[{"embeddable":true,"href":"https:\/\/www.radioamigavallenar.cl\/index.php?rest_route=\/wp\/v2\/users\/2"}],"replies":[{"embeddable":true,"href":"https:\/\/www.radioamigavallenar.cl\/index.php?rest_route=%2Fwp%2Fv2%2Fcomments&post=32554"}],"version-history":[{"count":1,"href":"https:\/\/www.radioamigavallenar.cl\/index.php?rest_route=\/wp\/v2\/posts\/32554\/revisions"}],"predecessor-version":[{"id":32555,"href":"https:\/\/www.radioamigavallenar.cl\/index.php?rest_route=\/wp\/v2\/posts\/32554\/revisions\/32555"}],"wp:featuredmedia":[{"embeddable":true,"href":"https:\/\/www.radioamigavallenar.cl\/index.php?rest_route=\/wp\/v2\/media\/22349"}],"wp:attachment":[{"href":"https:\/\/www.radioamigavallenar.cl\/index.php?rest_route=%2Fwp%2Fv2%2Fmedia&parent=32554"}],"wp:term":[{"taxonomy":"category","embeddable":true,"href":"https:\/\/www.radioamigavallenar.cl\/index.php?rest_route=%2Fwp%2Fv2%2Fcategories&post=32554"},{"taxonomy":"post_tag","embeddable":true,"href":"https:\/\/www.radioamigavallenar.cl\/index.php?rest_route=%2Fwp%2Fv2%2Ftags&post=32554"}],"curies":[{"name":"wp","href":"https:\/\/api.w.org\/{rel}","templated":true}]}}