{"id":32551,"date":"2020-11-23T12:27:18","date_gmt":"2020-11-23T15:27:18","guid":{"rendered":"https:\/\/www.radioamigavallenar.cl\/?p=32551"},"modified":"2020-11-23T12:27:18","modified_gmt":"2020-11-23T15:27:18","slug":"cochilco-eleva-proyeccion-del-valor-del-precio-del-cobre-y-preve-una-mayor-demanda-desde-china","status":"publish","type":"post","link":"https:\/\/www.radioamigavallenar.cl\/?p=32551","title":{"rendered":"Cochilco eleva proyecci\u00f3n del valor del precio del cobre y prev\u00e9 una mayor demanda desde China"},"content":{"rendered":"<p>La Comisi\u00f3n Chilena del Cobre (Cochilco) elev\u00f3 su proyecci\u00f3n del valor del precio del <strong>cobre<\/strong>, algo que radic\u00f3 en una eventual mayor demanda del metal desde\u00a0<strong>China<\/strong>, que es el principal comprador.<\/p>\n<p>As\u00ed, el valor del cobre en el mercado internacional\u00a0<strong>promediar\u00eda anualmente los US$2,75 la libra; y en 2021 promediar\u00eda US$2,9 la libra.<\/strong><\/p>\n<p>En analista de Cochilco, Victor Garay, se\u00f1al\u00f3 que \u201cpara 2021 se estima que la demanda ascender\u00e1, aproximadamente, a 23,99 millones de toneladas, lo que implica un alza de 2,9%\u201d.<\/p>\n<p>China ser\u00eda \u201cel\u00a0<strong>\u00fanico pa\u00eds que tendr\u00e1 un consumo mayor que el de 2019\u2033<\/strong>, a\u00f1adi\u00f3 la Comisi\u00f3n.<\/p>\n<p style=\"text-align: center;\"><a href=\"https:\/\/www.radioamigavallenar.cl\/wp-content\/uploads\/2020\/11\/eng6wg-w4au-52w.jpeg\"><img loading=\"lazy\" decoding=\"async\" class=\"alignnone  wp-image-32552\" src=\"https:\/\/www.radioamigavallenar.cl\/wp-content\/uploads\/2020\/11\/eng6wg-w4au-52w-300x203.jpeg\" alt=\"\" width=\"832\" height=\"563\" srcset=\"https:\/\/www.radioamigavallenar.cl\/wp-content\/uploads\/2020\/11\/eng6wg-w4au-52w-300x203.jpeg 300w, https:\/\/www.radioamigavallenar.cl\/wp-content\/uploads\/2020\/11\/eng6wg-w4au-52w-768x520.jpeg 768w, https:\/\/www.radioamigavallenar.cl\/wp-content\/uploads\/2020\/11\/eng6wg-w4au-52w.jpeg 994w\" sizes=\"auto, (max-width: 832px) 100vw, 832px\" \/><\/a><\/p>\n<p>El ministro de Miner\u00eda,\u00a0<strong>Baldo Prokurica<\/strong>, reiter\u00f3 que el metal es fundamental por su aporte a las arcas fiscales y ser el principal producto de exportaci\u00f3n.<\/p>\n<p>\u201cEste a\u00f1o, y pese a la pandemia, el aporte de la miner\u00eda al Fisco ser\u00e1 de casi\u00a0<strong>US$3 mil millones\u201d<\/strong>, sostuvo la autoridad.<\/p>\n<p>La semana pasada, el Gobierno destac\u00f3 que durante enero y octubre de este a\u00f1o las exportaciones mineras acumulan un fuerte crecimiento de 6,2%, en comparaci\u00f3n con el mismo per\u00edodo de 2019.<\/p>\n<p>Esa alza significa que ingresaron al pa\u00eds US$31.400 millones por los env\u00edos al extranjero de cobre, hierro, plata, oro, concentrado de molibdeno, carbonato de litio, sal marina y de mesa, seg\u00fan el reporte del Banco Central.<\/p>\n<p><strong>El 90% de las exportaciones correspondi\u00f3 a cobre<\/strong>\u00a0(US$28.330 millones).<\/p>\n","protected":false},"excerpt":{"rendered":"<p>La Comisi\u00f3n Chilena del Cobre (Cochilco) elev\u00f3 su proyecci\u00f3n del valor del precio del cobre, algo que radic\u00f3 en una eventual mayor demanda del metal&hellip; <\/p>\n","protected":false},"author":2,"featured_media":20118,"comment_status":"open","ping_status":"closed","sticky":false,"template":"","format":"standard","meta":{"footnotes":""},"categories":[34,37],"tags":[],"class_list":["post-32551","post","type-post","status-publish","format-standard","has-post-thumbnail","hentry","category-mineria","category-nacional"],"_links":{"self":[{"href":"https:\/\/www.radioamigavallenar.cl\/index.php?rest_route=\/wp\/v2\/posts\/32551","targetHints":{"allow":["GET"]}}],"collection":[{"href":"https:\/\/www.radioamigavallenar.cl\/index.php?rest_route=\/wp\/v2\/posts"}],"about":[{"href":"https:\/\/www.radioamigavallenar.cl\/index.php?rest_route=\/wp\/v2\/types\/post"}],"author":[{"embeddable":true,"href":"https:\/\/www.radioamigavallenar.cl\/index.php?rest_route=\/wp\/v2\/users\/2"}],"replies":[{"embeddable":true,"href":"https:\/\/www.radioamigavallenar.cl\/index.php?rest_route=%2Fwp%2Fv2%2Fcomments&post=32551"}],"version-history":[{"count":1,"href":"https:\/\/www.radioamigavallenar.cl\/index.php?rest_route=\/wp\/v2\/posts\/32551\/revisions"}],"predecessor-version":[{"id":32553,"href":"https:\/\/www.radioamigavallenar.cl\/index.php?rest_route=\/wp\/v2\/posts\/32551\/revisions\/32553"}],"wp:featuredmedia":[{"embeddable":true,"href":"https:\/\/www.radioamigavallenar.cl\/index.php?rest_route=\/wp\/v2\/media\/20118"}],"wp:attachment":[{"href":"https:\/\/www.radioamigavallenar.cl\/index.php?rest_route=%2Fwp%2Fv2%2Fmedia&parent=32551"}],"wp:term":[{"taxonomy":"category","embeddable":true,"href":"https:\/\/www.radioamigavallenar.cl\/index.php?rest_route=%2Fwp%2Fv2%2Fcategories&post=32551"},{"taxonomy":"post_tag","embeddable":true,"href":"https:\/\/www.radioamigavallenar.cl\/index.php?rest_route=%2Fwp%2Fv2%2Ftags&post=32551"}],"curies":[{"name":"wp","href":"https:\/\/api.w.org\/{rel}","templated":true}]}}