{"id":32548,"date":"2020-11-23T07:23:54","date_gmt":"2020-11-23T10:23:54","guid":{"rendered":"https:\/\/www.radioamigavallenar.cl\/?p=32548"},"modified":"2020-11-23T12:24:34","modified_gmt":"2020-11-23T15:24:34","slug":"general-luis-aguilera-mendoza-asumio-como-nuevo-jefe-de-la-iii-zona-atacama-de-carabineros","status":"publish","type":"post","link":"https:\/\/www.radioamigavallenar.cl\/?p=32548","title":{"rendered":"General Luis Aguilera Mendoza asumi\u00f3 como nuevo jefe de la III Zona Atacama de Carabineros"},"content":{"rendered":"<p>En solemne ceremonia el General Juan Pablo Caneo Far\u00edas entreg\u00f3 la jefatura de la III Zona Atacama<\/p>\n<p>En una ceremonia realizada en dependencias del Cuartel Copayapu y presidida por el Intendente Patricio Urquieta Garc\u00eda, el General Juan Pablo Caneo Far\u00edas entreg\u00f3 su cargo de Jefe de la III Zona de Carabineros tras asumir sus nuevas funciones en la Regi\u00f3n del Biob\u00edo.<\/p>\n<p>El traspaso fue ratificado a trav\u00e9s de la firma de acta que establece el cambio de mando al nuevo Jefe de Zona de Carabineros Atacama, General Luis Aguilera Mendoza, quien proviene del Departamento de Operaciones de las Zona Santiago Oeste y Zona Metropolitana.<\/p>\n<p>Durante la ceremonia el General Inspector Bassaletti Riess s\u00f3lo tuvo palabras de agradecimiento y felicitaciones para el General Caneo, quien fue destinado a cumplir funciones similares en la Regi\u00f3n del Biob\u00edo.<\/p>\n<p>Tambi\u00e9n dio la bienvenida al General Luis Aguilera Mendoza, quien se hace cargo de una \u00a0zona que tiene inserta muchas responsabilidades, con un gran desarrollo, pero con un equipo humano que ha sabido responder a las demandas de seguridad, dese\u00e1ndole al nuevo jefe de zona mucho \u00e9xito y suerte en esta nueva tarea que emprende a partir de este acto administrativo.<\/p>\n<p>Por su parte, el General Caneo agradeci\u00f3 el apoyo permanente de todo el personal a su cargo, con quien trabaj\u00f3 y emprendi\u00f3 m\u00faltiples acciones impulsadas por el Gobierno y Carabineros, en pro del bienestar y desarrollo de la comunidad de Atacama. Tambi\u00e9n, destac\u00f3 el que durante su per\u00edodo se logr\u00f3 mejorar la calidad de vida de los carabineros y est\u00e1 seguro que el general Aguilera seguir\u00e1 por la misma senda, para que el personal pueda desarrollar a gusto sus funciones.<\/p>\n<p>El General Caneo reiter\u00f3 sus agradecimientos a todo el personal y lo felicit\u00f3 por tan abnegada labor que desempe\u00f1aron en pro de la seguridad de los habitantes de la regi\u00f3n y a la vez, los inst\u00f3 a continuar trabajando por la senda del servicio p\u00fablico, con la misma abnegaci\u00f3n y compromiso que tuvieron durante su gesti\u00f3n. Se va contento, feliz, pleno de alegr\u00eda de haber servido a una hermosa instituci\u00f3n.<\/p>\n<p>En la ocasi\u00f3n, el saliente jefe de la III Zona, general Juan Pablo Caneo, expres\u00f3:<\/p>\n<p>\u201cQuisiera en primer lugar se\u00f1alar mi gratitud, porque para m\u00ed fue un a\u00f1o muy bueno desde el punto de vista profesional y tambi\u00e9n personal, a pesar de las dificultades que han sido propias de lo que es de conocimiento p\u00fablico. Desde el punto de vista de la labor de Carabineros en la regi\u00f3n de Atacama, ha sido sumamente productiva, operativamente logramos recuperar mucha infraestructura, y algunos veh\u00edculos, y adem\u00e1s de eso logramos disminuir la cantidad de delitos, muy buenos procedimientos en temas de drogas y de homicidios. La verdad de las cosas es que fue un muy buen a\u00f1o como jefe de la III zona, de tal forma que el mando me designa en un cargo que es mucho m\u00e1s complejo, lo que significa que el trabajo realizado ac\u00e1 fue valorado y lo \u00fanico que puedo se\u00f1alar es mi gratitud inmensa a las autoridades a la gente, a las juntas de vecinos, a los copiapinos en general, a los atacame\u00f1os, me voy con las mejores sensaciones, dejando muchos amigos en este poco tiempo que estuve, me voy muy contento\u201d.<\/p>\n<p>Por su parte el Intendente Regional Patricio Urquieta Garc\u00eda, agradeci\u00f3 al General Juan Pablo Caneo su disposici\u00f3n por su trabajo \u201cdurante todo este a\u00f1o 2020 en el que, al mando de las fuerzas policiales de la regi\u00f3n, logramos ir descendiendo profundamente los \u00edndices delictuales de la regi\u00f3n en su colaboraci\u00f3n permanente para brindarle paz y tranquilidad a las familias en las calles, en los espacios p\u00fablicos y en sus hogares, y queremos desearle tambi\u00e9n el mayor de los \u00e9xitos en esta nueva tarea que asume al General Luis Aguilera, quien reci\u00e9n llega a la Regi\u00f3n de Atacama para poder interiorizarse sobre las tareas a cumplir y sobretodo profundizar los buenos resultados que tuvo el General Caneo en su \u00faltima gesti\u00f3n.<\/p>\n<p>Por su parte, el nuevo Jefe de la III Zona, General Luis Aguilera Mendoza, coment\u00f3:<\/p>\n<p>\u201cPara m\u00ed es un desaf\u00edo harto grande, porque el general Juan Pablo Caneo, lo ha hecho excelente, en comandar esta zona que tiene resultados muy positivos, ha sido un a\u00f1o complejo que involucra desaf\u00edos como instituci\u00f3n, nosotros estamos entregados permanentemente al trabajo con la comunidad y eso lo vamos a seguir gestionando durante el per\u00edodo que dure mi mandato como jefe de la III Zona\u201d.<\/p>\n","protected":false},"excerpt":{"rendered":"<p>En solemne ceremonia el General Juan Pablo Caneo Far\u00edas entreg\u00f3 la jefatura de la III Zona Atacama En una ceremonia realizada en dependencias del Cuartel&hellip; <\/p>\n","protected":false},"author":2,"featured_media":32549,"comment_status":"open","ping_status":"closed","sticky":false,"template":"","format":"standard","meta":{"footnotes":""},"categories":[38],"tags":[],"class_list":["post-32548","post","type-post","status-publish","format-standard","has-post-thumbnail","hentry","category-portada-regional"],"_links":{"self":[{"href":"https:\/\/www.radioamigavallenar.cl\/index.php?rest_route=\/wp\/v2\/posts\/32548","targetHints":{"allow":["GET"]}}],"collection":[{"href":"https:\/\/www.radioamigavallenar.cl\/index.php?rest_route=\/wp\/v2\/posts"}],"about":[{"href":"https:\/\/www.radioamigavallenar.cl\/index.php?rest_route=\/wp\/v2\/types\/post"}],"author":[{"embeddable":true,"href":"https:\/\/www.radioamigavallenar.cl\/index.php?rest_route=\/wp\/v2\/users\/2"}],"replies":[{"embeddable":true,"href":"https:\/\/www.radioamigavallenar.cl\/index.php?rest_route=%2Fwp%2Fv2%2Fcomments&post=32548"}],"version-history":[{"count":1,"href":"https:\/\/www.radioamigavallenar.cl\/index.php?rest_route=\/wp\/v2\/posts\/32548\/revisions"}],"predecessor-version":[{"id":32550,"href":"https:\/\/www.radioamigavallenar.cl\/index.php?rest_route=\/wp\/v2\/posts\/32548\/revisions\/32550"}],"wp:featuredmedia":[{"embeddable":true,"href":"https:\/\/www.radioamigavallenar.cl\/index.php?rest_route=\/wp\/v2\/media\/32549"}],"wp:attachment":[{"href":"https:\/\/www.radioamigavallenar.cl\/index.php?rest_route=%2Fwp%2Fv2%2Fmedia&parent=32548"}],"wp:term":[{"taxonomy":"category","embeddable":true,"href":"https:\/\/www.radioamigavallenar.cl\/index.php?rest_route=%2Fwp%2Fv2%2Fcategories&post=32548"},{"taxonomy":"post_tag","embeddable":true,"href":"https:\/\/www.radioamigavallenar.cl\/index.php?rest_route=%2Fwp%2Fv2%2Ftags&post=32548"}],"curies":[{"name":"wp","href":"https:\/\/api.w.org\/{rel}","templated":true}]}}