{"id":32542,"date":"2020-11-23T12:05:09","date_gmt":"2020-11-23T15:05:09","guid":{"rendered":"https:\/\/www.radioamigavallenar.cl\/?p=32542"},"modified":"2020-11-23T12:05:09","modified_gmt":"2020-11-23T15:05:09","slug":"sag-convoca-a-exportadores-de-uva-de-mesa-ante-inicio-de-temporada-de-cosechas","status":"publish","type":"post","link":"https:\/\/www.radioamigavallenar.cl\/?p=32542","title":{"rendered":"SAG convoca a exportadores de uva de mesa ante inicio de temporada de cosechas"},"content":{"rendered":"<p class=\"m_3836224120934691698MsoNoSpacing\"><span lang=\"ES-CL\">Con una alta participaci\u00f3n de contrapartes y representantes de empresas frut\u00edcolas del rubro de la uva de mesa de la regi\u00f3n, el SAG Atacama, de manera telem\u00e1tica, realiz\u00f3 un encuentro para revisar los pormenores del proceso de certificaci\u00f3n sanitaria de exportaciones para la actual temporada frut\u00edcola pr\u00f3xima a iniciar.<u><\/u><u><\/u><\/span><\/p>\n<p class=\"m_3836224120934691698MsoNoSpacing\"><span lang=\"ES-CL\">Como novedades, se dio a conocer el protocolo del Servicio para la prevenci\u00f3n del contagio por Covid-19 en plantas frut\u00edcolas y puerto de Caldera, considerando que sus funcionarios deben estar presente en dichos sitios. As\u00ed mismo, se coment\u00f3 el plan de contingencia ante posibles paros laborales en el puerto.<u><\/u><u><\/u><\/span><\/p>\n<p class=\"m_3836224120934691698MsoNoSpacing\"><span lang=\"ES-CL\">Otro aspecto importante, fueron las modificaciones que presenta el sistema de certificaci\u00f3n en l\u00ednea de exportaciones hortofrut\u00edcolas (Multipuerto), el que est\u00e1 habilitado para Caldera, y que mediante v\u00eda digital busca facilitar y agilizar el proceso de env\u00edos al extranjero, dando garant\u00edas a los mercados de la sanidad de la fruta regional.<u><\/u><u><\/u><\/span><\/p>\n<p class=\"m_3836224120934691698MsoNoSpacing\"><span lang=\"ES-CL\"><u><\/u>\u00a0<u><\/u><\/span><span lang=\"ES-CL\">La directora regional del SAG, Mei Maggi Achu, coment\u00f3 que el trabajo de su organismo con las empresas frut\u00edcolas regionales es de larga data, y que existe confianza mutua para cumplir y certificar los requisitos fitosanitarios exigidos por distintos pa\u00edses en el mundo a los que llegan los productos regionales.<u><\/u><u><\/u><\/span><\/p>\n<p class=\"m_3836224120934691698MsoNoSpacing\"><span lang=\"ES-CL\"><u><\/u>\u00a0<u><\/u><\/span><span lang=\"ES-CL\">\u201cNo es un a\u00f1o normal, lo sabemos, todos hemos sido afectados de alguna u otra forma por las consecuencias de la pandemia mundial por Covid-19, aun as\u00ed, esperamos que sea una muy buena temporada frut\u00edcola, y nosotros como SAG entregaremos todo nuestro apoyo en materias sanitarias\u201d, se\u00f1al\u00f3 la autoridad.<u><\/u><u><\/u><\/span><\/p>\n<p class=\"m_3836224120934691698MsoNoSpacing\"><span lang=\"ES-CL\"><u><\/u>\u00a0<u><\/u><\/span><span lang=\"ES-CL\">Agreg\u00f3 que para la segunda semana del mes de diciembre se espera la llegada a Caldera del primer barco de la actual temporada, fruta que sale mayoritariamente con destino a Estados Unidos.<u><\/u><u><\/u><\/span><\/p>\n<p class=\"m_3836224120934691698MsoNoSpacing\"><span lang=\"ES-CL\"><u><\/u>\u00a0<u><\/u><\/span><span lang=\"ES-CL\">La temporada de cosecha y exportaciones de uva de mesa 2019-2020, alcanz\u00f3 una producci\u00f3n de m\u00e1s de 10 millones 10 mil cajas (fuente ASOEX), de las cuales m\u00e1s de la mitad fueron enviadas al mercado de Estados Unidos, seguida por los destinos de lejano oriente, Latinoam\u00e9rica y Europa, entre otros puntos.<\/span><span lang=\"ES-CL\">\u00a0<\/span><u><\/u><u><\/u><\/p>\n<p class=\"m_3836224120934691698MsoNoSpacing\"><span lang=\"ES-CL\"><u><\/u>\u00a0<u><\/u><\/span><span lang=\"ES\">En materia sanitaria, el Servicio monitorea permanentemente la presencia de\u00a0<i>Lobesia botrana<\/i>\u00a0(polilla de la vid), plaga no establecida en la regi\u00f3n, aunque presenta\u00a0<\/span><span lang=\"ES-CL\">hallazgos aislados de insectos adultos cada temporada.<u><\/u><u><\/u><\/span><\/p>\n<p class=\"m_3836224120934691698MsoNoSpacing\"><span lang=\"ES-CL\"><u><\/u>\u00a0<u><\/u><\/span><span lang=\"ES-CL\">Producto de ello, Atacama mantiene un \u00e1rea cuarentenada correspondiente a la zona urbana de Copiap\u00f3, donde todo comercializador y transportista de uva de mesa, ciruelas y ar\u00e1ndanos debe estar registrado ante el SAG y cumplir requisitos especiales de funcionamiento.<\/span><\/p>\n","protected":false},"excerpt":{"rendered":"<p>Con una alta participaci\u00f3n de contrapartes y representantes de empresas frut\u00edcolas del rubro de la uva de mesa de la regi\u00f3n, el SAG Atacama, de&hellip; <\/p>\n","protected":false},"author":2,"featured_media":32543,"comment_status":"open","ping_status":"closed","sticky":false,"template":"","format":"standard","meta":{"footnotes":""},"categories":[38],"tags":[],"class_list":["post-32542","post","type-post","status-publish","format-standard","has-post-thumbnail","hentry","category-portada-regional"],"_links":{"self":[{"href":"https:\/\/www.radioamigavallenar.cl\/index.php?rest_route=\/wp\/v2\/posts\/32542","targetHints":{"allow":["GET"]}}],"collection":[{"href":"https:\/\/www.radioamigavallenar.cl\/index.php?rest_route=\/wp\/v2\/posts"}],"about":[{"href":"https:\/\/www.radioamigavallenar.cl\/index.php?rest_route=\/wp\/v2\/types\/post"}],"author":[{"embeddable":true,"href":"https:\/\/www.radioamigavallenar.cl\/index.php?rest_route=\/wp\/v2\/users\/2"}],"replies":[{"embeddable":true,"href":"https:\/\/www.radioamigavallenar.cl\/index.php?rest_route=%2Fwp%2Fv2%2Fcomments&post=32542"}],"version-history":[{"count":1,"href":"https:\/\/www.radioamigavallenar.cl\/index.php?rest_route=\/wp\/v2\/posts\/32542\/revisions"}],"predecessor-version":[{"id":32544,"href":"https:\/\/www.radioamigavallenar.cl\/index.php?rest_route=\/wp\/v2\/posts\/32542\/revisions\/32544"}],"wp:featuredmedia":[{"embeddable":true,"href":"https:\/\/www.radioamigavallenar.cl\/index.php?rest_route=\/wp\/v2\/media\/32543"}],"wp:attachment":[{"href":"https:\/\/www.radioamigavallenar.cl\/index.php?rest_route=%2Fwp%2Fv2%2Fmedia&parent=32542"}],"wp:term":[{"taxonomy":"category","embeddable":true,"href":"https:\/\/www.radioamigavallenar.cl\/index.php?rest_route=%2Fwp%2Fv2%2Fcategories&post=32542"},{"taxonomy":"post_tag","embeddable":true,"href":"https:\/\/www.radioamigavallenar.cl\/index.php?rest_route=%2Fwp%2Fv2%2Ftags&post=32542"}],"curies":[{"name":"wp","href":"https:\/\/api.w.org\/{rel}","templated":true}]}}