{"id":32540,"date":"2020-11-23T11:56:15","date_gmt":"2020-11-23T14:56:15","guid":{"rendered":"https:\/\/www.radioamigavallenar.cl\/?p=32540"},"modified":"2020-11-23T11:56:15","modified_gmt":"2020-11-23T14:56:15","slug":"mulet-frvs-presidente-lo-mejor-es-que-usted-de-un-paso-al-costado","status":"publish","type":"post","link":"https:\/\/www.radioamigavallenar.cl\/?p=32540","title":{"rendered":"Mulet (FRVS): \u201cPresidente lo mejor es que usted de un paso al costado\u201d"},"content":{"rendered":"<p>As\u00ed de tajante fue el presidente de los Regionalistas, quien agreg\u00f3 tambi\u00e9n que \u201clo \u00fanico que est\u00e1 haciendo es enardecer a la gente\u201d, y adelant\u00f3 que se har\u00e1n parte de la defensa del proyecto de segundo retiro ante el Tribunal Constitucional.<\/p>\n<p><strong>El diputado y presidente de la Federaci\u00f3n Regionalista Verde Social, Jaime Mulet,<\/strong>\u00a0sali\u00f3 tambi\u00e9n al paso de las cr\u00edticas a la decisi\u00f3n del gobierno, y en particular del presidente Sebasti\u00e1n Pi\u00f1era, de presentar un requerimiento ante el Tribunal Constitucional que busca impugnar la reforma constitucional que se discute en el parlamento para un segundo retiro del 10% de los fondos de pensiones.<\/p>\n<p>Al respecto, el parlamentario se\u00f1al\u00f3 que \u201csin duda es una mala noticia, el presidente Pi\u00f1era una vez m\u00e1s llega tarde y mal, como nos ha acostumbrado en sus tres a\u00f1os de gobierno, que han sido nefastos para el pa\u00eds\u201d.<\/p>\n<p><strong>\u201cYo quiero decirle al presidente Pi\u00f1era, \u2018Presidente una vez m\u00e1s usted se equivoca, est\u00e1 enardeciendo a la gente, est\u00e1 haciendo mal la tarea como lo ha hecho en estos tres a\u00f1os. Lo mejor es que de un paso al costado, en vez de recurrir al Tribunal Constitucional donde, obviamente, usted pretende negarle al Congreso el poder constituyente derivado del cual el Congreso es depositario tambi\u00e9n\u201d.<\/strong><\/p>\n<p>En este sentido, Mulet explic\u00f3 que lo que se est\u00e1 discutiendo en el Congreso \u201cest\u00e1 en la Constituci\u00f3n, no hay nada inconstitucional. Se est\u00e1 haciendo una reforma conforme a la autoridad que tiene el Congreso, ya se ha pronunciado una vez y se pronunciar\u00e1 otra vez mayoritariamente. Si usted no hace la pega de establecer mecanismos de ayuda a los millones de chilenos y chilenas que la est\u00e1n pasando mal a prop\u00f3sito de la pandemia y s\u00f3lo se preocupa de ayudar a grandes empresas, dejando fuera a las peque\u00f1as, a los chicos, a cientos de miles de personas que han quedado desempleados, deje que el Congreso se ocupe. Siempre hemos dicho que el 10% no es la mejor medida, pero usted no ha implementado otra medida similar de envergadura, de base amplia para ir en ayuda de los chilenos\u201d.<\/p>\n<p>Finalmente, el diputado por Atacama adelant\u00f3 que\u00a0<strong>\u201cvamos a recurrir tambi\u00e9n al Tribunal, nosotros vamos a ir, nos vamos a hacer parte, vamos a defender nuestra facultad de usar el poder constituyente derivado, vamos a defender la posibilidad de presentar esta reforma como otras, para que la ciudadan\u00eda tenga acceso a ciertas seguridades, a ciertos beneficios, a usar esos recursos si es que el Presidente de la Rep\u00fablica no usa la usa\u201d<\/strong>, concluy\u00f3.<\/p>\n","protected":false},"excerpt":{"rendered":"<p>As\u00ed de tajante fue el presidente de los Regionalistas, quien agreg\u00f3 tambi\u00e9n que \u201clo \u00fanico que est\u00e1 haciendo es enardecer a la gente\u201d, y adelant\u00f3&hellip; <\/p>\n","protected":false},"author":2,"featured_media":27952,"comment_status":"open","ping_status":"closed","sticky":false,"template":"","format":"standard","meta":{"footnotes":""},"categories":[38],"tags":[],"class_list":["post-32540","post","type-post","status-publish","format-standard","has-post-thumbnail","hentry","category-portada-regional"],"_links":{"self":[{"href":"https:\/\/www.radioamigavallenar.cl\/index.php?rest_route=\/wp\/v2\/posts\/32540","targetHints":{"allow":["GET"]}}],"collection":[{"href":"https:\/\/www.radioamigavallenar.cl\/index.php?rest_route=\/wp\/v2\/posts"}],"about":[{"href":"https:\/\/www.radioamigavallenar.cl\/index.php?rest_route=\/wp\/v2\/types\/post"}],"author":[{"embeddable":true,"href":"https:\/\/www.radioamigavallenar.cl\/index.php?rest_route=\/wp\/v2\/users\/2"}],"replies":[{"embeddable":true,"href":"https:\/\/www.radioamigavallenar.cl\/index.php?rest_route=%2Fwp%2Fv2%2Fcomments&post=32540"}],"version-history":[{"count":1,"href":"https:\/\/www.radioamigavallenar.cl\/index.php?rest_route=\/wp\/v2\/posts\/32540\/revisions"}],"predecessor-version":[{"id":32541,"href":"https:\/\/www.radioamigavallenar.cl\/index.php?rest_route=\/wp\/v2\/posts\/32540\/revisions\/32541"}],"wp:featuredmedia":[{"embeddable":true,"href":"https:\/\/www.radioamigavallenar.cl\/index.php?rest_route=\/wp\/v2\/media\/27952"}],"wp:attachment":[{"href":"https:\/\/www.radioamigavallenar.cl\/index.php?rest_route=%2Fwp%2Fv2%2Fmedia&parent=32540"}],"wp:term":[{"taxonomy":"category","embeddable":true,"href":"https:\/\/www.radioamigavallenar.cl\/index.php?rest_route=%2Fwp%2Fv2%2Fcategories&post=32540"},{"taxonomy":"post_tag","embeddable":true,"href":"https:\/\/www.radioamigavallenar.cl\/index.php?rest_route=%2Fwp%2Fv2%2Ftags&post=32540"}],"curies":[{"name":"wp","href":"https:\/\/api.w.org\/{rel}","templated":true}]}}