{"id":32537,"date":"2020-11-23T10:31:11","date_gmt":"2020-11-23T13:31:11","guid":{"rendered":"https:\/\/www.radioamigavallenar.cl\/?p=32537"},"modified":"2020-11-23T10:31:11","modified_gmt":"2020-11-23T13:31:11","slug":"ministros-insisten-en-que-decision-de-recurrir-al-tc-no-busca-detener-un-segundo-retiro-de-fondos-de-afp-el-cuestionamiento-es-al-mecanismo-que-se-esta-utilizando","status":"publish","type":"post","link":"https:\/\/www.radioamigavallenar.cl\/?p=32537","title":{"rendered":"Ministros insisten en que decisi\u00f3n de recurrir al TC no busca detener un segundo retiro de fondos de AFP: \u201cEl cuestionamiento es al mecanismo que se est\u00e1 utilizando\u201d"},"content":{"rendered":"<p>Tanto el vocero de gobierno, Jaime Bellolio, como el titular de la Segpres, Cristi\u00e1n Monckeberg, insistieron en que la medida impulsada por el gobierno no busca frenar que las personas accedan a un 10% de sus fondos de pensiones, sino que esperan que el tribunal se pronuncie respecto a la constitucionalidad del mecanismo utilizado por la oposici\u00f3n para lograr este objetivo.<\/p>\n<p class=\"paragraph  \">Esta ma\u00f1ana, los ministros de la Secretar\u00eda General de Gobierno,\u00a0<b>Jaime Bellolio<\/b>, y de la Secretar\u00eda General de la Presidencia,\u00a0<b>Cristi\u00e1n Monckeber<\/b>g, se refirieron a la decisi\u00f3n de La Moneda\u00a0de acudir al Tribunal Constitucional (TC) para que ese organismo se pronuncie sobre el apego a la carta fundamental del proyecto de ley, presentado por parlamentarios de oposici\u00f3n, que permite que los cotizantes de las AFP retiren hasta el 10% de los saldos acumulados en sus cuentas, con un tope de 150 UF. Este proyecto es conocido como el del segundo retiro de las AFP.<\/p>\n<p class=\"paragraph  \">Ambas autoridades insistieron en que la medida impulsada por el gobierno no busca frenar que las personas puedan acceder a un porcentaje de sus fondos de pensiones, sino que se pronuncie respecto a la constitucionalidad del mecanismo utilizado.<\/p>\n<p class=\"paragraph  \"><b>\u201cEse tipo de trampa constitucional es lo que queremos detener\u201d<\/b>, sostuvo Bellolio, mientras que Monckeberg dijo que esperan que la ley de segundo retiro de fondos de AFP se haga\u00a0<b>\u201cbien y como corresponde\u201d<\/b>.<\/p>\n<div class=\"header |\">\n<div>\u201c<b>Ese tipo de trampa constitucional es lo que queremos detene<\/b>r\u201d<\/div>\n<\/div>\n<p class=\"paragraph  \">Al respecto, Bellolio asegur\u00f3 que \u201c<b>nosotros no estamos deteniendo el retiro, estamos diciendo que el mecanismo que se us\u00f3 se salta las reglas<\/b>\u201d, seg\u00fan consign\u00f3 en la radio Cooperativa. Cabe recordar que La Moneda envi\u00f3 su propio proyecto de retiro de fondos previsionales, el que -entre otras cosas- establece el pago de impuesto para quienes registran mayores ingresos entre quienes retiran.<\/p>\n<p class=\"paragraph  \">El tambi\u00e9n exdiputado manifest\u00f3 que para el proyecto de la oposici\u00f3n \u201c<b>el mecanismo que se ocup\u00f3 es inconstitucional<\/b>\u201d, y que esta iniciativa \u201c<b>en el fondo, es generar una constituci\u00f3n paralela que pretende quitarle ciertos poderes al poder ejecutivo<\/b>\u201d.<\/p>\n<p class=\"paragraph  \">\u201c<b>Ese tipo de trampa constitucional es lo que queremos detener\u201d<\/b>, remarc\u00f3. \u201c<b>Esa forma de elusi\u00f3n constitucional, de saltarse las reglas por el lado, es una trampa constitucional<\/b>\u201d, a\u00f1adi\u00f3.<\/p>\n<p class=\"paragraph  \">En este sentido, Bellolio manifest\u00f3 qu\u00e9 no se present\u00f3 una acci\u00f3n como esta al momento de aprobarse el primer retiro de fondos de las AFP pues\u00a0<b>\u201ccuando uno hace un transitorio, significa que es por una vez. Sin embargo, es un continuo de proyectos (&#8230;) la circunstancias eran distintas<\/b>\u201d.<\/p>\n<p class=\"paragraph  \">Por otra parte, Bellolio critic\u00f3 a los pol\u00edticos que han reaccionado en contra de esta decisi\u00f3n de La Moneda, incluso planteando que el presidente Sebasti\u00e1n Pi\u00f1era debe dejar anticipadamente la presidencia. \u201c<b>Tienen el dedo muy f\u00e1cil para poner tuits con poco sentido democr\u00e1tico, adelantar elecciones<\/b>\u201d, manifest\u00f3.<\/p>\n","protected":false},"excerpt":{"rendered":"<p>Tanto el vocero de gobierno, Jaime Bellolio, como el titular de la Segpres, Cristi\u00e1n Monckeberg, insistieron en que la medida impulsada por el gobierno no&hellip; <\/p>\n","protected":false},"author":2,"featured_media":32538,"comment_status":"open","ping_status":"closed","sticky":false,"template":"","format":"standard","meta":{"footnotes":""},"categories":[37],"tags":[],"class_list":["post-32537","post","type-post","status-publish","format-standard","has-post-thumbnail","hentry","category-nacional"],"_links":{"self":[{"href":"https:\/\/www.radioamigavallenar.cl\/index.php?rest_route=\/wp\/v2\/posts\/32537","targetHints":{"allow":["GET"]}}],"collection":[{"href":"https:\/\/www.radioamigavallenar.cl\/index.php?rest_route=\/wp\/v2\/posts"}],"about":[{"href":"https:\/\/www.radioamigavallenar.cl\/index.php?rest_route=\/wp\/v2\/types\/post"}],"author":[{"embeddable":true,"href":"https:\/\/www.radioamigavallenar.cl\/index.php?rest_route=\/wp\/v2\/users\/2"}],"replies":[{"embeddable":true,"href":"https:\/\/www.radioamigavallenar.cl\/index.php?rest_route=%2Fwp%2Fv2%2Fcomments&post=32537"}],"version-history":[{"count":1,"href":"https:\/\/www.radioamigavallenar.cl\/index.php?rest_route=\/wp\/v2\/posts\/32537\/revisions"}],"predecessor-version":[{"id":32539,"href":"https:\/\/www.radioamigavallenar.cl\/index.php?rest_route=\/wp\/v2\/posts\/32537\/revisions\/32539"}],"wp:featuredmedia":[{"embeddable":true,"href":"https:\/\/www.radioamigavallenar.cl\/index.php?rest_route=\/wp\/v2\/media\/32538"}],"wp:attachment":[{"href":"https:\/\/www.radioamigavallenar.cl\/index.php?rest_route=%2Fwp%2Fv2%2Fmedia&parent=32537"}],"wp:term":[{"taxonomy":"category","embeddable":true,"href":"https:\/\/www.radioamigavallenar.cl\/index.php?rest_route=%2Fwp%2Fv2%2Fcategories&post=32537"},{"taxonomy":"post_tag","embeddable":true,"href":"https:\/\/www.radioamigavallenar.cl\/index.php?rest_route=%2Fwp%2Fv2%2Ftags&post=32537"}],"curies":[{"name":"wp","href":"https:\/\/api.w.org\/{rel}","templated":true}]}}