{"id":32534,"date":"2020-11-23T10:24:11","date_gmt":"2020-11-23T13:24:11","guid":{"rendered":"https:\/\/www.radioamigavallenar.cl\/?p=32534"},"modified":"2020-11-23T10:24:11","modified_gmt":"2020-11-23T13:24:11","slug":"laboratorio-de-biologia-molecular-de-la-uda-ha-analizado-mas-100-mil-test-pcr-en-atacama","status":"publish","type":"post","link":"https:\/\/www.radioamigavallenar.cl\/?p=32534","title":{"rendered":"Laboratorio de Biolog\u00eda Molecular de la UDA ha analizado m\u00e1s 100 mil test PCR en Atacama"},"content":{"rendered":"<p style=\"font-weight: 400;\"><span style=\"font-style: inherit; font-weight: inherit;\">Desde los primeros meses de este a\u00f1o el COVID-19 ha sido una preocupaci\u00f3n para la comunidad cient\u00edfica, asimismo para el pa\u00eds y Atacama, es as\u00ed como en marzo se detect\u00f3 el primer caso de coronavirus en la regi\u00f3n y se configur\u00f3 como una de las principales tareas implementar oportunamente un laboratorio para procesar las muestras de los casos sospechosos que se produjeran, dado que \u00e9stos se enviaban a la regi\u00f3n de Antofagasta.<\/span><\/p>\n<p style=\"font-weight: 400; text-align: center;\"><strong><span style=\"font-style: inherit;\">100 MIL AN\u00c1LISIS<\/span><\/strong><\/p>\n<p style=\"font-weight: 400;\"><span style=\"font-style: inherit; font-weight: inherit;\">El Director de Investigaci\u00f3n de la UDA y Director del Laboratorio de Biolog\u00eda Molecular Dr C\u00e9sar Echeverr\u00eda destac\u00f3 que llegar hoy a 100 mil an\u00e1lisis PCR es un logro de toda la Regi\u00f3n: \u201cEquivale a haber testeado pr\u00e1cticamente a un tercio de la Regi\u00f3n de Atacama. \u00c9ste es un logro importante para nuestra Universidad, ya que nunca nos imaginamos tener estos n\u00fameros cuando partimos, s\u00f3lo quer\u00edamos ayudar y ser actores part\u00edcipes de esta Pandemia y la gente no tuviera que esperar sus muestras desde Antofagasta y ahora estamos realizando el testeo casi completo de la Regi\u00f3n por siete meses. Somos el \u00fanico laboratorio universitario regional que ha alcanzado este n\u00famero de muestras y esto fue gracias al aporte de lo p\u00fablico y lo privado.\u201d<\/span><\/p>\n<p style=\"font-weight: 400; text-align: center;\"><strong><span style=\"font-style: inherit;\">INVESTIGACI\u00d3N UNIVERSITARIA<\/span><\/strong><\/p>\n<p style=\"font-weight: 400;\"><span style=\"font-style: inherit; font-weight: inherit;\">El Vicerrector de Investigaci\u00f3n y Postgrado de la UDA, Dr. Hugo Salinas P\u00e9rez, por su parte, consider\u00f3 que lo realizado por el Laboratorio de Biolog\u00eda Molecular es un ejemplo para seguir con otras \u00e1reas del conocimiento que trabaja y desarrolla la Universidad. Asimismo, el directivo superior valor\u00f3 la visi\u00f3n del Rector Dr. Celso Arias Mora, que gracias a la creaci\u00f3n de esta Vicerrector\u00eda es posible hoy que la Regi\u00f3n de Atacama cuente con los servicios necesarios para la detecci\u00f3n del SARS-CoV2, \u201ccreamos esta institucionalidad en la Universidad el a\u00f1o 2015, la Vicerrector\u00eda de Investigaci\u00f3n y Postgrado junto con sus Direcciones de apoyo, entre las que est\u00e1 la Direcci\u00f3n de Investigaci\u00f3n, pensamos que \u00e9sta era necesaria en la Universidad, con miras a crecer\u2026 Creo que fue un acierto de parte de la direcci\u00f3n superior, haber creado esta org\u00e1nica; sin saber lo que se ven\u00eda, si no hubi\u00e9ramos tenido esta Vicerrector\u00eda para crecer en Investigaci\u00f3n, este Laboratorio no hubiera existido, ni hubi\u00e9ramos tenido a estos investigadores que hoy est\u00e1n transfiriendo su conocimiento a la regi\u00f3n\u201d.<\/span><\/p>\n<p style=\"font-weight: 400; text-align: center;\"><strong><span style=\"font-style: inherit;\">SERVICIO DE SALUD ATACAMA<\/span><\/strong><\/p>\n<p style=\"font-weight: 400;\"><span style=\"font-style: inherit; font-weight: inherit;\">El Director del Servicio de Salud Atacama, Claudio Baeza Avello expres\u00f3, en tanto, que desde la detecci\u00f3n del primer caso en la Regi\u00f3n \u201cse inici\u00f3 un intenso trabajo, y quiero agradecer a la Universidad de Atacama y al Laboratorio de Biolog\u00eda Molecular de la UDA por asumir este desaf\u00edo en conjunto, sin el esfuerzo y compromiso de sus profesionales, no hubiera sido posible controlar de manera adecuada la Pandemia en nuestra Regi\u00f3n\u201d.<\/span><\/p>\n<p style=\"font-weight: 400;\"><span style=\"font-style: inherit; font-weight: inherit;\">Al darse a conocer que el Laboratorio de la UDA ha analizado m\u00e1s de 100 mil muestras, Claudio Baeza record\u00f3 que son \u201cm\u00e1s de 8 mil casos positivos los que ha diagnosticado dicho laboratorio y que se constituy\u00f3 en un pilar fundamental para generar todas las otras estrategias que nos permitan abordar la Pandemia en cada una de las comunas\u201d.<\/span><\/p>\n<p style=\"font-weight: 400;\"><span style=\"font-style: inherit; font-weight: inherit;\">Baeza valor\u00f3 el intenso esfuerzo de trabajo de la red asistencial y que se complementa con el laboratorio \u201cque cuenta con tecnolog\u00eda de punta, que recibi\u00f3 aportes del Gobierno Regional de nuestro Servicio de Salud y todo el desarrollo del Laboratorio de la Universidad de Atacama agradecer a sus profesionales; C\u00e9sar Echeverr\u00eda ha liderado lo que hoy nos permite ser un ejemplo para el resto del pa\u00eds. Somos la primera regi\u00f3n que est\u00e1 procesando muestras de saliva en un laboratorio y eso fue gracias a la validaci\u00f3n y al trabajo que desarrollado por este equipo\u201d, acot\u00f3 el Director de Servicio.<\/span><\/p>\n","protected":false},"excerpt":{"rendered":"<p>Desde los primeros meses de este a\u00f1o el COVID-19 ha sido una preocupaci\u00f3n para la comunidad cient\u00edfica, asimismo para el pa\u00eds y Atacama, es as\u00ed&hellip; <\/p>\n","protected":false},"author":2,"featured_media":32535,"comment_status":"open","ping_status":"closed","sticky":false,"template":"","format":"standard","meta":{"footnotes":""},"categories":[38],"tags":[],"class_list":["post-32534","post","type-post","status-publish","format-standard","has-post-thumbnail","hentry","category-portada-regional"],"_links":{"self":[{"href":"https:\/\/www.radioamigavallenar.cl\/index.php?rest_route=\/wp\/v2\/posts\/32534","targetHints":{"allow":["GET"]}}],"collection":[{"href":"https:\/\/www.radioamigavallenar.cl\/index.php?rest_route=\/wp\/v2\/posts"}],"about":[{"href":"https:\/\/www.radioamigavallenar.cl\/index.php?rest_route=\/wp\/v2\/types\/post"}],"author":[{"embeddable":true,"href":"https:\/\/www.radioamigavallenar.cl\/index.php?rest_route=\/wp\/v2\/users\/2"}],"replies":[{"embeddable":true,"href":"https:\/\/www.radioamigavallenar.cl\/index.php?rest_route=%2Fwp%2Fv2%2Fcomments&post=32534"}],"version-history":[{"count":1,"href":"https:\/\/www.radioamigavallenar.cl\/index.php?rest_route=\/wp\/v2\/posts\/32534\/revisions"}],"predecessor-version":[{"id":32536,"href":"https:\/\/www.radioamigavallenar.cl\/index.php?rest_route=\/wp\/v2\/posts\/32534\/revisions\/32536"}],"wp:featuredmedia":[{"embeddable":true,"href":"https:\/\/www.radioamigavallenar.cl\/index.php?rest_route=\/wp\/v2\/media\/32535"}],"wp:attachment":[{"href":"https:\/\/www.radioamigavallenar.cl\/index.php?rest_route=%2Fwp%2Fv2%2Fmedia&parent=32534"}],"wp:term":[{"taxonomy":"category","embeddable":true,"href":"https:\/\/www.radioamigavallenar.cl\/index.php?rest_route=%2Fwp%2Fv2%2Fcategories&post=32534"},{"taxonomy":"post_tag","embeddable":true,"href":"https:\/\/www.radioamigavallenar.cl\/index.php?rest_route=%2Fwp%2Fv2%2Ftags&post=32534"}],"curies":[{"name":"wp","href":"https:\/\/api.w.org\/{rel}","templated":true}]}}