{"id":32531,"date":"2020-11-23T10:21:45","date_gmt":"2020-11-23T13:21:45","guid":{"rendered":"https:\/\/www.radioamigavallenar.cl\/?p=32531"},"modified":"2020-11-23T10:21:45","modified_gmt":"2020-11-23T13:21:45","slug":"comision-de-fiscalizacion-del-core-atacama-analizo-situacion-de-la-ccira","status":"publish","type":"post","link":"https:\/\/www.radioamigavallenar.cl\/?p=32531","title":{"rendered":"Comisi\u00f3n de Fiscalizaci\u00f3n del CORE Atacama analiz\u00f3 situaci\u00f3n de la CCIRA"},"content":{"rendered":"<p style=\"text-align: center;\"><strong>En relaci\u00f3n a dictamen de la Contralor\u00eda General de la Rep\u00fablica.<\/strong><span id=\"more-226849\"><\/span><\/p>\n<p>&nbsp;<\/p>\n<p>La Comisi\u00f3n de Fiscalizaci\u00f3n y Jur\u00eddica, del Consejo Regional de Atacama, se reuni\u00f3 recientemente para poder analizar el escenario respecto a los gastos y destinos referente a la Corporaci\u00f3n para la Competitividad e Innovaci\u00f3n de la regi\u00f3n de Atacama, CCIRA, la que involucra una millonaria demanda judicial y que, tendr\u00eda su origen en un estudio del Plan Maestro para Cha\u00f1aral tras los aluviones de 2015.<\/p>\n<p>De acuerdo a esto, el Presidente de la Comisi\u00f3n de Fiscalizaci\u00f3n y Jur\u00eddica, del CORE Atacama, Manuel Reyes, se\u00f1al\u00f3 que \u201cfue muy importante poder abordar toda la informaci\u00f3n, a trav\u00e9s de nuestro abogado del Consejo, Jairo Sarmiento, respecto a la situaci\u00f3n de la CCIRA, tanto en Contralor\u00eda como con el Ejecutivo, adem\u00e1s de nuestro parecer. Hemos dado distintas opiniones, al respecto, y creemos que debemos esperar a que se resuelva de forma jur\u00eddica y administrativamente, porque quien tiene que solucionar esto, creemos, es el ejecutivo, actor principal en ello\u201d, enfatiz\u00f3 la autoridad regional.<\/p>\n<p>Cabe se\u00f1alar que el primer dictamen que emite la Contralor\u00eda General de la Rep\u00fablica, n\u00b0 24.984, del 5 de agosto de 2020, establece que no procede la modificaci\u00f3n del convenio de transferencia a la CCIRA por constituirse en una transgresi\u00f3n en el principio de legalidad del gasto y, adem\u00e1s, se se\u00f1ala que \u201ca la CCIRA le son aplicables los principios b\u00e1sicos de toda gesti\u00f3n, propios del derecho p\u00fablico, entre los cuales se encuentran la eficiencia y eficacia que deben inspirar en cumplimiento de la funci\u00f3n p\u00fablica\u201d.<\/p>\n<p>Una vez notificado este dictamen al Gobierno Regional, el Intendente, mediante oficio 647, del 15 de septiembre de 2020, le pide una reconsideraci\u00f3n del dictamen al Contralor General de la Rep\u00fablica e indica que \u201cno se constituye una infracci\u00f3n al principio de legalidad del gasto\u201d. La Contralor\u00eda solicita con fecha 23 de septiembre de 2020, que el CORE se informe sobre lo expuesto por el Ejecutivo y se pronuncie sobre la solicitud. Desde el Consejo Regional de Atacama, se ha estado analizando el tema desde el trabajo de comisiones, como en el caso de fiscalizaci\u00f3n.<\/p>\n<p>Tras la reuni\u00f3n, donde participaron los Consejeros Regionales: Manuel Reyes, Gabriel Manquez, Javier Castillo, Rebeca Torrej\u00f3n y Rodrigo Rojas, la Comisi\u00f3n acord\u00f3 citar, junto a Provinciales Unidas, al equipo t\u00e9cnico de la Secplac de la municipalidad de Cha\u00f1aral para conocer en detalles qu\u00e9 fue lo que pas\u00f3 con el Plan Maestro y cu\u00e1l es su estado actual.<\/p>\n","protected":false},"excerpt":{"rendered":"<p>En relaci\u00f3n a dictamen de la Contralor\u00eda General de la Rep\u00fablica. &nbsp; La Comisi\u00f3n de Fiscalizaci\u00f3n y Jur\u00eddica, del Consejo Regional de Atacama, se reuni\u00f3&hellip; <\/p>\n","protected":false},"author":2,"featured_media":32532,"comment_status":"open","ping_status":"closed","sticky":false,"template":"","format":"standard","meta":{"footnotes":""},"categories":[7],"tags":[],"class_list":["post-32531","post","type-post","status-publish","format-standard","has-post-thumbnail","hentry","category-atacama"],"_links":{"self":[{"href":"https:\/\/www.radioamigavallenar.cl\/index.php?rest_route=\/wp\/v2\/posts\/32531","targetHints":{"allow":["GET"]}}],"collection":[{"href":"https:\/\/www.radioamigavallenar.cl\/index.php?rest_route=\/wp\/v2\/posts"}],"about":[{"href":"https:\/\/www.radioamigavallenar.cl\/index.php?rest_route=\/wp\/v2\/types\/post"}],"author":[{"embeddable":true,"href":"https:\/\/www.radioamigavallenar.cl\/index.php?rest_route=\/wp\/v2\/users\/2"}],"replies":[{"embeddable":true,"href":"https:\/\/www.radioamigavallenar.cl\/index.php?rest_route=%2Fwp%2Fv2%2Fcomments&post=32531"}],"version-history":[{"count":1,"href":"https:\/\/www.radioamigavallenar.cl\/index.php?rest_route=\/wp\/v2\/posts\/32531\/revisions"}],"predecessor-version":[{"id":32533,"href":"https:\/\/www.radioamigavallenar.cl\/index.php?rest_route=\/wp\/v2\/posts\/32531\/revisions\/32533"}],"wp:featuredmedia":[{"embeddable":true,"href":"https:\/\/www.radioamigavallenar.cl\/index.php?rest_route=\/wp\/v2\/media\/32532"}],"wp:attachment":[{"href":"https:\/\/www.radioamigavallenar.cl\/index.php?rest_route=%2Fwp%2Fv2%2Fmedia&parent=32531"}],"wp:term":[{"taxonomy":"category","embeddable":true,"href":"https:\/\/www.radioamigavallenar.cl\/index.php?rest_route=%2Fwp%2Fv2%2Fcategories&post=32531"},{"taxonomy":"post_tag","embeddable":true,"href":"https:\/\/www.radioamigavallenar.cl\/index.php?rest_route=%2Fwp%2Fv2%2Ftags&post=32531"}],"curies":[{"name":"wp","href":"https:\/\/api.w.org\/{rel}","templated":true}]}}