{"id":32523,"date":"2020-11-23T08:26:42","date_gmt":"2020-11-23T11:26:42","guid":{"rendered":"https:\/\/www.radioamigavallenar.cl\/?p=32523"},"modified":"2020-11-23T08:26:42","modified_gmt":"2020-11-23T11:26:42","slug":"panama-asoma-como-nuevo-mercado-para-los-piscos-de-atacama-gracias-a-prochile","status":"publish","type":"post","link":"https:\/\/www.radioamigavallenar.cl\/?p=32523","title":{"rendered":"Panam\u00e1 asoma como nuevo mercado para los piscos de Atacama gracias a ProChile"},"content":{"rendered":"<p>Un atractivo mercado se abre para los piscos de Atacama gracias al inter\u00e9s mostrado por importadores de Panam\u00e1, tras a una serie de gestiones realizadas por la Oficina Regional de ProChile y la OFICOM paname\u00f1a.<\/p>\n<p>Luego del env\u00edo de muestras de pisco regional desde ProChile Atacama al pa\u00eds caribe\u00f1o, el Director de la OFICOM de Panam\u00e1, Carlos Rivas, concret\u00f3 diversas reuniones con importadores de licores, con la estrategia de poder ingresarlo al canal HORECA paname\u00f1o v\u00eda importaci\u00f3n directa.<\/p>\n<p>De acuerdo a Rivas, \u201cen esta oportunidad nos reunimos con ENOWINES,\u00a0 importador que trabaja con varios socios claves y con la Escuela de Sibaritas de Panam\u00e1. Como resultado quedaron maravillados por la prolijidad del dise\u00f1o y revisamos alternativas para una estrategia de entrada del producto para el 2021\u201d.<\/p>\n<p>Efectivamente, seg\u00fan explic\u00f3 la Directora (s) de ProChile Atacama, Claudia Pradenas, Panam\u00e1 es un mercado que valora los productos de calidad y en ese sentido los piscos regionales tienen una oportunidad de entrar buscando aliados claves como son los grandes distribuidores e importadores.<\/p>\n<p>\u201cDentro de la planificaci\u00f3n 2021, se consideran actividades de muestra y degustaci\u00f3n de los piscos regionales en el mercado paname\u00f1o, el cual siendo nuevo para estos productos, ha mostrado inter\u00e9s dada su calidad Premium. Por ello, ya estamos ideando nuevas actividades para continuar con su presentaci\u00f3n\u201d, a\u00f1adi\u00f3 Pradenas.<\/p>\n<p>Desde ProChile adelantaron que antes de cerrar el a\u00f1o y en cooperaci\u00f3n con la Escuela de Sibaritas, se espera realizar un evento de degustaci\u00f3n y presentaci\u00f3n a por lo menos 5 importadores y Canal Horeca.<\/p>\n","protected":false},"excerpt":{"rendered":"<p>Un atractivo mercado se abre para los piscos de Atacama gracias al inter\u00e9s mostrado por importadores de Panam\u00e1, tras a una serie de gestiones realizadas&hellip; <\/p>\n","protected":false},"author":2,"featured_media":32524,"comment_status":"open","ping_status":"closed","sticky":false,"template":"","format":"standard","meta":{"footnotes":""},"categories":[7,1],"tags":[],"class_list":["post-32523","post","type-post","status-publish","format-standard","has-post-thumbnail","hentry","category-atacama","category-provincia-del-huasco-2"],"_links":{"self":[{"href":"https:\/\/www.radioamigavallenar.cl\/index.php?rest_route=\/wp\/v2\/posts\/32523","targetHints":{"allow":["GET"]}}],"collection":[{"href":"https:\/\/www.radioamigavallenar.cl\/index.php?rest_route=\/wp\/v2\/posts"}],"about":[{"href":"https:\/\/www.radioamigavallenar.cl\/index.php?rest_route=\/wp\/v2\/types\/post"}],"author":[{"embeddable":true,"href":"https:\/\/www.radioamigavallenar.cl\/index.php?rest_route=\/wp\/v2\/users\/2"}],"replies":[{"embeddable":true,"href":"https:\/\/www.radioamigavallenar.cl\/index.php?rest_route=%2Fwp%2Fv2%2Fcomments&post=32523"}],"version-history":[{"count":1,"href":"https:\/\/www.radioamigavallenar.cl\/index.php?rest_route=\/wp\/v2\/posts\/32523\/revisions"}],"predecessor-version":[{"id":32525,"href":"https:\/\/www.radioamigavallenar.cl\/index.php?rest_route=\/wp\/v2\/posts\/32523\/revisions\/32525"}],"wp:featuredmedia":[{"embeddable":true,"href":"https:\/\/www.radioamigavallenar.cl\/index.php?rest_route=\/wp\/v2\/media\/32524"}],"wp:attachment":[{"href":"https:\/\/www.radioamigavallenar.cl\/index.php?rest_route=%2Fwp%2Fv2%2Fmedia&parent=32523"}],"wp:term":[{"taxonomy":"category","embeddable":true,"href":"https:\/\/www.radioamigavallenar.cl\/index.php?rest_route=%2Fwp%2Fv2%2Fcategories&post=32523"},{"taxonomy":"post_tag","embeddable":true,"href":"https:\/\/www.radioamigavallenar.cl\/index.php?rest_route=%2Fwp%2Fv2%2Ftags&post=32523"}],"curies":[{"name":"wp","href":"https:\/\/api.w.org\/{rel}","templated":true}]}}