{"id":32520,"date":"2020-11-23T08:25:29","date_gmt":"2020-11-23T11:25:29","guid":{"rendered":"https:\/\/www.radioamigavallenar.cl\/?p=32520"},"modified":"2020-11-23T08:25:29","modified_gmt":"2020-11-23T11:25:29","slug":"junaeb-entrega-computadores-a-estudiantes-con-necesidades-especiales","status":"publish","type":"post","link":"https:\/\/www.radioamigavallenar.cl\/?p=32520","title":{"rendered":"Junaeb entrega computadores a estudiantes con necesidades especiales"},"content":{"rendered":"<p>Dando cumplimiento al objetivo institucional de entregar herramientas que permitan la inclusi\u00f3n de todos los estudiantes en el sistema educativo, las Becas TIC Junaeb -que fusiona la acci\u00f3n de los programas Yo Elijo Mi PC (entrega de equipos computacionales con Internet a estudiantes de 7\u00b0 b\u00e1sico de establecimientos particular subvencionados con rendimiento acad\u00e9mico destacado y en desmedro socioecon\u00f3mico) y Me conecto para aprender (entrega de equipos a la totalidad de la matr\u00edcula de 7\u00b0 b\u00e1sico en establecimientos p\u00fablicos)- profundizan su acci\u00f3n permitiendo el acceso de estos equipos a estudiantes de educaci\u00f3n especial de las siguientes especialidades:<\/p>\n<ul>\n<li>Educaci\u00f3n Especial Discapacidad Auditiva<\/li>\n<li>Educaci\u00f3n Especial Discapacidad Intelectual<\/li>\n<li>Educaci\u00f3n Especial Discapacidad Visual<\/li>\n<li>Educaci\u00f3n Especial Trastornos Motores<\/li>\n<li>Educaci\u00f3n Especial Autismo<\/li>\n<li>Educaci\u00f3n Especial Discapacidad Graves Alteraciones en la Capacidad de Relaci\u00f3n y Comunicaci\u00f3n<\/li>\n<li>Educaci\u00f3n Especial Discapacidad M\u00faltiple<\/li>\n<li>Programa Integraci\u00f3n Escolar (PIE) Opci\u00f3n 4 (establecimientos p\u00fablicos)<\/li>\n<\/ul>\n<p>Este a\u00f1o,\u00a0<strong>2.055 alumnos\u00a0<\/strong>recibir\u00e1n sus equipos con, adem\u00e1s, accesorios tecnol\u00f3gicos de apoyo y en lo que respecta a nuestra Regi\u00f3n de Atacama son 22 estudiantes beneficiados.<\/p>\n<p>Los equipos act\u00faan como herramientas pedag\u00f3gicas que favorecen la formaci\u00f3n acad\u00e9mica de los beneficiarios, mejorando su rendimiento y abriendo ventanas a nuevos conocimientos.<\/p>\n<p>Las Becas TIC se refuerzan, en especial, con el componente pedag\u00f3gico del programa: 50 recursos instalados, con v\u00ednculo directo desde el equipo para que los estudiantes puedan explorar, ejercitar y complementar lo aprendido en clases.<\/p>\n<p>Desde el a\u00f1o 2016, tambi\u00e9n se hace entrega de computadores a estudiantes de educaci\u00f3n de adultos que se encuentren cursando 7\u00b0 b\u00e1sico, y desde el 2017 a estudiantes con necesidades educativas especiales de mismo nivel, beneficiando ya a 3.262 estudiantes de Educaci\u00f3n Especial.<\/p>\n<p style=\"text-align: center;\"><strong>CRITERIOS DE FOCALIZACI\u00d2N<\/strong><\/p>\n<p>La asignaci\u00f3n de beneficiarios se realiza a trav\u00e9s de un proceso de focalizaci\u00f3n desarrollado por Junaeb, que identifica a los estudiantes matriculados en establecimientos p\u00fablicos, Servicios Locales de Educaci\u00f3n (SLE) y particulares subvencionados;<\/p>\n<p>La Directora Regional de Junaeb Claudia Alvayai Rojas se\u00f1al\u00f3 \u201c\u2026estamos muy contentos por concretar estas entregas, en la certeza que ser\u00e1 un apoyo fundamental en el proceso educativo de nuestros alumnos\u00a0 beneficiarios de las escuelas Mar\u00eda luz Lanza Pizarro de Copiap\u00f3, Jos\u00e9 Luis Olivares de Cha\u00f1aral, Luis Alberto Iriarte Iriarte Vallenar y Jos\u00e9 Miguel Carrera de Huasco.\u201d<\/p>\n","protected":false},"excerpt":{"rendered":"<p>Dando cumplimiento al objetivo institucional de entregar herramientas que permitan la inclusi\u00f3n de todos los estudiantes en el sistema educativo, las Becas TIC Junaeb -que&hellip; <\/p>\n","protected":false},"author":2,"featured_media":32521,"comment_status":"open","ping_status":"closed","sticky":false,"template":"","format":"standard","meta":{"footnotes":""},"categories":[7],"tags":[],"class_list":["post-32520","post","type-post","status-publish","format-standard","has-post-thumbnail","hentry","category-atacama"],"_links":{"self":[{"href":"https:\/\/www.radioamigavallenar.cl\/index.php?rest_route=\/wp\/v2\/posts\/32520","targetHints":{"allow":["GET"]}}],"collection":[{"href":"https:\/\/www.radioamigavallenar.cl\/index.php?rest_route=\/wp\/v2\/posts"}],"about":[{"href":"https:\/\/www.radioamigavallenar.cl\/index.php?rest_route=\/wp\/v2\/types\/post"}],"author":[{"embeddable":true,"href":"https:\/\/www.radioamigavallenar.cl\/index.php?rest_route=\/wp\/v2\/users\/2"}],"replies":[{"embeddable":true,"href":"https:\/\/www.radioamigavallenar.cl\/index.php?rest_route=%2Fwp%2Fv2%2Fcomments&post=32520"}],"version-history":[{"count":1,"href":"https:\/\/www.radioamigavallenar.cl\/index.php?rest_route=\/wp\/v2\/posts\/32520\/revisions"}],"predecessor-version":[{"id":32522,"href":"https:\/\/www.radioamigavallenar.cl\/index.php?rest_route=\/wp\/v2\/posts\/32520\/revisions\/32522"}],"wp:featuredmedia":[{"embeddable":true,"href":"https:\/\/www.radioamigavallenar.cl\/index.php?rest_route=\/wp\/v2\/media\/32521"}],"wp:attachment":[{"href":"https:\/\/www.radioamigavallenar.cl\/index.php?rest_route=%2Fwp%2Fv2%2Fmedia&parent=32520"}],"wp:term":[{"taxonomy":"category","embeddable":true,"href":"https:\/\/www.radioamigavallenar.cl\/index.php?rest_route=%2Fwp%2Fv2%2Fcategories&post=32520"},{"taxonomy":"post_tag","embeddable":true,"href":"https:\/\/www.radioamigavallenar.cl\/index.php?rest_route=%2Fwp%2Fv2%2Ftags&post=32520"}],"curies":[{"name":"wp","href":"https:\/\/api.w.org\/{rel}","templated":true}]}}