{"id":32517,"date":"2020-11-23T08:19:00","date_gmt":"2020-11-23T11:19:00","guid":{"rendered":"https:\/\/www.radioamigavallenar.cl\/?p=32517"},"modified":"2020-11-23T08:19:00","modified_gmt":"2020-11-23T11:19:00","slug":"nuevas-pymes-se-suman-a-version-navidena-de-atacama-cyberweek","status":"publish","type":"post","link":"https:\/\/www.radioamigavallenar.cl\/?p=32517","title":{"rendered":"Nuevas pymes se suman a versi\u00f3n navide\u00f1a de Atacama Cyberweek"},"content":{"rendered":"<p><strong>Productos para belleza, adornos navide\u00f1os, flores y plantas, se suman a esta plataforma virtual que se realizar\u00e1 entre el 3 y 6 de diciembre en\u00a0<\/strong><a href=\"http:\/\/www.atacamacyberweek.cl\/\" data-saferedirecturl=\"https:\/\/www.google.com\/url?q=http:\/\/www.atacamacyberweek.cl\/&amp;source=gmail&amp;ust=1606047252085000&amp;usg=AFQjCNG8nHL2OGM5aP1lU8lgSAc8RyqZkg\"><strong>www.atacamacyberweek.cl<\/strong><\/a><strong>, gracias al apoyo de Kinross con colaboraci\u00f3n de la Seremi de Econom\u00eda y Corfo.<\/strong><span id=\"more-226638\"><\/span><\/p>\n<p>&nbsp;<\/p>\n<p>La Navidad se adelant\u00f3 en la regi\u00f3n con una nueva versi\u00f3n de Atacama Cyberweek, un portal de ventas on-line que re\u00fane a 60 pymes locales con m\u00e1s de 200 productos o servicios, evento virtual que se realizar\u00e1 entre el 3 y el 6 de diciembre pr\u00f3ximos.<\/p>\n<p>Ya se realiz\u00f3 una primera versi\u00f3n de este portal de e-commerce en junio pasado, en plena cuarentena, que permiti\u00f3 a emprendedores locales vender m\u00e1s 1.113 productos, superando los $11 millones en ventas y 19 mil visitas al sitio\u00a0<a href=\"http:\/\/www.atacamacyberweek.cl\/\" data-saferedirecturl=\"https:\/\/www.google.com\/url?q=http:\/\/www.atacamacyberweek.cl\/&amp;source=gmail&amp;ust=1606047252085000&amp;usg=AFQjCNG8nHL2OGM5aP1lU8lgSAc8RyqZkg\">www.atacamacyberweek.cl<\/a><\/p>\n<p>Esta novedosa y moderna plataforma de comercio electr\u00f3nico es una iniciativa de Kinross Chile, con el apoyo de la Seremi de Econom\u00eda, Fomento y Turismo y la oficina de Corfo en Atacama.<\/p>\n<p>\u201cEl aporte sustentable al desarrollo de la regi\u00f3n, est\u00e1 totalmente ligada, tambi\u00e9n, al apoyo de los emprendedores. Las pymes se han convertido en actores muy relevante para la reactivaci\u00f3n econ\u00f3mica\u201d, se\u00f1al\u00f3 Guillermo Olivares, gerente de Kinross La Coipa. El ejecutivo agreg\u00f3 que en \u201ctiempos dif\u00edciles como los que hemos vivido todos durante este a\u00f1o, la uni\u00f3n y el trabajo colaborativo de todos los actores, son herramientas esenciales para enfrentar juntos estas crisis\u201d, manifest\u00f3.<\/p>\n<p>Adem\u00e1s de los tradicionales productos que se venden en este portal y que fueron los m\u00e1s preferidos en la primera versi\u00f3n de Atacama Cyberweek, como los aceites de oliva, las pastas de aceitunas o los piscos y cervezas artesanales, en esta versi\u00f3n navide\u00f1a del evento se sumar\u00e1n nuevos rubros, especialmente para ser regalados en las fiestas de fin de a\u00f1o.<\/p>\n<p>Ese el caso de la pyme \u201cSra. Claus\u201d que comercializa hermosos adornos de Navidad hechos a mano, entre otros productos de decoraci\u00f3n. \u00abEstamos felices de participar por primera vez de Atacama Cyberweek. Es una plataforma muy importante para nosotros, porque nos especializamos en adornos para Navidad y que este evento se haga unos d\u00edas antes de las fiestas de fin de a\u00f1o nos acomoda mucho para cerrar un 2020 que fue dif\u00edcil para todas las pymes\u00bb, afirma Sof\u00eda Mellibovsky, due\u00f1a de \u201cSra. Claus\u201d.<\/p>\n<p>Francisca Pavez es una de los muchos emprendedores que tuvo reinventarse durante la pandemia. Su tienda de ropas tuvo que cerrar estos meses y comenz\u00f3 a fabricar productos de belleza y cosm\u00e9tica natural, como cremas faciales, antiarrugas, \u201cahora tenemos nuestra l\u00ednea de verano con bronceadores y un protector capilar, todo hecho con aceites vegetales, aceites esenciales, todo natural\u201d, cuenta la due\u00f1a del emprendimiento \u201cEstrella fugaz\u201d.<\/p>\n<p>As\u00ed como ella, muchos emprendedores se sumaron a esta versi\u00f3n navide\u00f1a de Atacama Cyberweek que diversifican la oferta del portal con nuevos productos, como plantas, flores, clases de ingl\u00e9s y pack de regalos para Navidad que incluyen productos m\u00e1s tradicionales como los aceites de oliva, jojoba y pastas de aceitunas.<\/p>\n","protected":false},"excerpt":{"rendered":"<p>Productos para belleza, adornos navide\u00f1os, flores y plantas, se suman a esta plataforma virtual que se realizar\u00e1 entre el 3 y 6 de diciembre en\u00a0www.atacamacyberweek.cl,&hellip; <\/p>\n","protected":false},"author":2,"featured_media":32518,"comment_status":"open","ping_status":"closed","sticky":false,"template":"","format":"standard","meta":{"footnotes":""},"categories":[7],"tags":[],"class_list":["post-32517","post","type-post","status-publish","format-standard","has-post-thumbnail","hentry","category-atacama"],"_links":{"self":[{"href":"https:\/\/www.radioamigavallenar.cl\/index.php?rest_route=\/wp\/v2\/posts\/32517","targetHints":{"allow":["GET"]}}],"collection":[{"href":"https:\/\/www.radioamigavallenar.cl\/index.php?rest_route=\/wp\/v2\/posts"}],"about":[{"href":"https:\/\/www.radioamigavallenar.cl\/index.php?rest_route=\/wp\/v2\/types\/post"}],"author":[{"embeddable":true,"href":"https:\/\/www.radioamigavallenar.cl\/index.php?rest_route=\/wp\/v2\/users\/2"}],"replies":[{"embeddable":true,"href":"https:\/\/www.radioamigavallenar.cl\/index.php?rest_route=%2Fwp%2Fv2%2Fcomments&post=32517"}],"version-history":[{"count":1,"href":"https:\/\/www.radioamigavallenar.cl\/index.php?rest_route=\/wp\/v2\/posts\/32517\/revisions"}],"predecessor-version":[{"id":32519,"href":"https:\/\/www.radioamigavallenar.cl\/index.php?rest_route=\/wp\/v2\/posts\/32517\/revisions\/32519"}],"wp:featuredmedia":[{"embeddable":true,"href":"https:\/\/www.radioamigavallenar.cl\/index.php?rest_route=\/wp\/v2\/media\/32518"}],"wp:attachment":[{"href":"https:\/\/www.radioamigavallenar.cl\/index.php?rest_route=%2Fwp%2Fv2%2Fmedia&parent=32517"}],"wp:term":[{"taxonomy":"category","embeddable":true,"href":"https:\/\/www.radioamigavallenar.cl\/index.php?rest_route=%2Fwp%2Fv2%2Fcategories&post=32517"},{"taxonomy":"post_tag","embeddable":true,"href":"https:\/\/www.radioamigavallenar.cl\/index.php?rest_route=%2Fwp%2Fv2%2Ftags&post=32517"}],"curies":[{"name":"wp","href":"https:\/\/api.w.org\/{rel}","templated":true}]}}