{"id":32506,"date":"2020-11-23T06:00:34","date_gmt":"2020-11-23T09:00:34","guid":{"rendered":"https:\/\/www.radioamigavallenar.cl\/?p=32506"},"modified":"2020-11-22T19:29:51","modified_gmt":"2020-11-22T22:29:51","slug":"comunidad-colla-asegura-que-aprobacion-de-proyecto-norte-abierto-debe-considerar-consulta-indigena","status":"publish","type":"post","link":"https:\/\/www.radioamigavallenar.cl\/?p=32506","title":{"rendered":"Comunidad Colla asegura que aprobaci\u00f3n de proyecto Norte Abierto debe considerar consulta ind\u00edgena"},"content":{"rendered":"<p>Controversia de la causa se basa en el hecho de que el SEA para otorgar la RCA del proyecto -que contempla plataformas de sondaje y construcci\u00f3n de un campamento- consider\u00f3 que no genera impactos significativos al medioambiente y no afectar\u00eda al pueblo ind\u00edgena Colla.<\/p>\n<div class=\"single-post-container pt-2\">\n<p>En estudio qued\u00f3 la reclamaci\u00f3n de la\u00a0<strong>comunidad ind\u00edgena Colla<\/strong>\u00a0y sus Afluentes en contra del\u00a0<strong>Servicio de Evaluaci\u00f3n Ambiental<\/strong>\u00a0(SEA), por la calificaci\u00f3n favorable del\u00a0<strong>proyecto \u201cProspecci\u00f3n Minera Norte Abierto Sector Caspiche<\/strong>\u201d de la Compa\u00f1\u00eda<strong>\u00a0Norte Abierto<\/strong>.<\/p>\n<p>La determinaci\u00f3n fue tomada por los ministros Mauricio Oviedo (presidente), Marcelo Hern\u00e1ndez y Jasna Pavlich del\u00a0<strong>Primer Tribunal Ambiental<\/strong>, luego de escuchar los alegatos de los abogados Nancy Ya\u00f1ez, en representaci\u00f3n de la comunidad; Ignacio Garrido, representando al SEA, y Patricio Leyton, abogado de la empresa.<\/p>\n<p>La controversia de la causa se basa fundamentalmente en el hecho que el SEA para otorgar la\u00a0<strong>Resoluci\u00f3n de Calificaci\u00f3n Ambiental<\/strong>\u00a0(RCA) del\u00a0<strong>proyecto -que contempla plataformas de sondaje y construcci\u00f3n de un campamento<\/strong>\u2013 consider\u00f3 que\u00a0<strong>no genera impactos significativos al medioambiente y no afectar\u00eda al pueblo ind\u00edgena Colla<\/strong>, por lo cual\u00a0<strong>no corresponde iniciar una consulta ind\u00edgena<\/strong>.<\/p>\n<p>Entre los fundamentos, entregados por la abogada Nancy Ya\u00f1ez para solicitar<strong>\u00a0se deje sin efecto la resoluci\u00f3n que aprob\u00f3 el proyecto<\/strong>, estuvo fundamentalmente la vulneraci\u00f3n de derechos ind\u00edgenas, el procedimiento administrativo de la evaluaci\u00f3n y la normativa ambiental aplicable.<\/p>\n<p>La abogada solicit\u00f3 dejar sin efecto la resoluci\u00f3n que aprueba la RCA ya que dijo \u201c<strong>se intenta minimizar el impacto<\/strong>\u00a0se\u00f1alando que alcanza 1,65 hect\u00e1reas, no dimensiona que en esas 1,5 hect\u00e1reas y en el campamento van a habitar 200 personas. Tampoco se hace cargo que en el territorio no solo van a estar el campamento, sino que se van a perforar 322 pozos,\u00a0<strong>se van a habilitar 322 plataformas de prospecci\u00f3n con sus obras anexas, huellas de penetraci\u00f3n para acceso a las plataformas y van a transitar veh\u00edculos pesados en los caminos de usos de la comunidad ind\u00edgena<\/strong>\u201d.<\/p>\n<\/div>\n","protected":false},"excerpt":{"rendered":"<p>Controversia de la causa se basa en el hecho de que el SEA para otorgar la RCA del proyecto -que contempla plataformas de sondaje y&hellip; <\/p>\n","protected":false},"author":2,"featured_media":32507,"comment_status":"open","ping_status":"closed","sticky":false,"template":"","format":"standard","meta":{"footnotes":""},"categories":[7,34],"tags":[],"class_list":["post-32506","post","type-post","status-publish","format-standard","has-post-thumbnail","hentry","category-atacama","category-mineria"],"_links":{"self":[{"href":"https:\/\/www.radioamigavallenar.cl\/index.php?rest_route=\/wp\/v2\/posts\/32506","targetHints":{"allow":["GET"]}}],"collection":[{"href":"https:\/\/www.radioamigavallenar.cl\/index.php?rest_route=\/wp\/v2\/posts"}],"about":[{"href":"https:\/\/www.radioamigavallenar.cl\/index.php?rest_route=\/wp\/v2\/types\/post"}],"author":[{"embeddable":true,"href":"https:\/\/www.radioamigavallenar.cl\/index.php?rest_route=\/wp\/v2\/users\/2"}],"replies":[{"embeddable":true,"href":"https:\/\/www.radioamigavallenar.cl\/index.php?rest_route=%2Fwp%2Fv2%2Fcomments&post=32506"}],"version-history":[{"count":2,"href":"https:\/\/www.radioamigavallenar.cl\/index.php?rest_route=\/wp\/v2\/posts\/32506\/revisions"}],"predecessor-version":[{"id":32509,"href":"https:\/\/www.radioamigavallenar.cl\/index.php?rest_route=\/wp\/v2\/posts\/32506\/revisions\/32509"}],"wp:featuredmedia":[{"embeddable":true,"href":"https:\/\/www.radioamigavallenar.cl\/index.php?rest_route=\/wp\/v2\/media\/32507"}],"wp:attachment":[{"href":"https:\/\/www.radioamigavallenar.cl\/index.php?rest_route=%2Fwp%2Fv2%2Fmedia&parent=32506"}],"wp:term":[{"taxonomy":"category","embeddable":true,"href":"https:\/\/www.radioamigavallenar.cl\/index.php?rest_route=%2Fwp%2Fv2%2Fcategories&post=32506"},{"taxonomy":"post_tag","embeddable":true,"href":"https:\/\/www.radioamigavallenar.cl\/index.php?rest_route=%2Fwp%2Fv2%2Ftags&post=32506"}],"curies":[{"name":"wp","href":"https:\/\/api.w.org\/{rel}","templated":true}]}}