{"id":32393,"date":"2020-11-20T06:00:04","date_gmt":"2020-11-20T09:00:04","guid":{"rendered":"https:\/\/www.radioamigavallenar.cl\/?p=32393"},"modified":"2020-11-19T20:59:55","modified_gmt":"2020-11-19T23:59:55","slug":"ministros-prokurica-y-zalaquett-visitan-proyecto-minero-la-coipa-en-atacama","status":"publish","type":"post","link":"https:\/\/www.radioamigavallenar.cl\/?p=32393","title":{"rendered":"Ministros Prokurica y Zalaquett visitan proyecto minero La Coipa en Atacama"},"content":{"rendered":"<p>En el marco del plan Chile se Recupera, el ministro de Miner\u00eda,\u00a0<strong>Baldo Prokurica<\/strong>, junto a su par de la Mujer y Equidad de G\u00e9nero,\u00a0<strong>M\u00f3nica Zalaquett<\/strong>; y el intendente de Atacama,\u00a0<strong>Patricio Urquieta<\/strong>, llegaron hasta la faena minera de oro La Coipa de Kinross, ubicada a 140 kil\u00f3metros al noreste de Copiap\u00f3, para conocer el proyecto que aportar\u00e1 dinamismo econ\u00f3mico y empleos en la zona.<\/p>\n<p>En la oportunidad, el secretario de Estado destac\u00f3 el avance del proyecto Fase 7, que prolongar\u00e1 la vida \u00fatil del yacimiento minero.<\/p>\n<p>\u201cEstamos frente a una obra de recuperaci\u00f3n de la econom\u00eda regional y nacional. Esta inversi\u00f3n alcanza los US$225 millones, que se suman al capital del activo ya existente en la operaci\u00f3n. El proyecto generar\u00e1 600 empleos en construcci\u00f3n y 929 en operaci\u00f3n, con un fuerte compromiso para incorporar fuerza laboral de las comunidades aleda\u00f1as donde se emplazan las operaciones, una misi\u00f3n descentralizadora que nos ha encargado el Presidente Sebasti\u00e1n Pi\u00f1era\u201d, dijo el ministro Baldo Prokurica.<\/p>\n<p>Asimismo, el titular de Miner\u00eda valor\u00f3 los resguardos adoptados por la operaci\u00f3n para proteger la salud de los trabajadores en medio de la pandemia, en la que solo tres trabajadores de la compa\u00f1\u00eda y 20 de empresas proveedoras contrajeron Covid-19.<\/p>\n<p>\u201cGracias al esfuerzo de los trabajadores para adaptarse a modalidad de turnos de 14 x 14 y 7 x 7. Tambi\u00e9n de la empresa que implement\u00f3 m\u00f3dulos para sospechosos contagiados y protocolos de control en los traslados, adem\u00e1s brind\u00f3 mayor flexibilidad laboral e instaur\u00f3 din\u00e1micas de trabajo remoto, lograron un nivel de infectados menor\u201d, indic\u00f3 Prokurica.<\/p>\n<p>En tanto, la autoridad de la industria distingui\u00f3 a la compa\u00f1\u00eda por su compromiso hacia una miner\u00eda m\u00e1s inclusiva, que hoy cuenta con un 16% de dotaci\u00f3n femenina en Kinross y un 11% en La Coipa, ambas cifras por sobre el promedio nacional que alcanza 8,9%, seg\u00fan el estudio \u2018Mujer y Miner\u00eda: Evoluci\u00f3n en la \u00faltima d\u00e9cada y desaf\u00edos futuros\u2019, elaborado por el Consejo de Competencias Mineras.<\/p>\n<p>Por su parte, la titular de la Mujer y Equidad de G\u00e9nero, M\u00f3nica Zalaquett, valor\u00f3 \u201cel trabajo que est\u00e1 desarrollando esta empresa en materia de inclusi\u00f3n femenina, ya que las mujeres son aqu\u00ed un 15% del total de la mano de obra, por sobre el promedio nacional que post pandemia bordea el 9%. Desde el Ministerio de la Mujer y la Equidad de G\u00e9nero estamos impulsando a trav\u00e9s de la mesa Mujer y Miner\u00eda que m\u00e1s mujeres se incorporen a este rubro, tradicionalmente masculinizado. Invitamos a que otras empresas se sumen a esta virtuosa iniciativa y as\u00ed se van beneficiadas por el gran aporte que las mujeres est\u00e1n dando a este sector productivo.\u201d<\/p>\n<p>Rolando Cubillos, vicepresidente y gerente general Operaciones de Kinross Chile, consider\u00f3 esta visita como un respaldo a la gesti\u00f3n operacional de Kinross, adem\u00e1s el ejecutivo indic\u00f3 que \u201cagradecemos la visita del d\u00eda de hoy ya que como Compa\u00f1\u00eda estamos comprometidos con el desarrollo de la regi\u00f3n y con continuar haciendo miner\u00eda responsable con un fuerte v\u00ednculo con nuestras comunidades\u201d, se\u00f1al\u00f3.<\/p>\n<p>Por su parte el intendente de Atacama, Patricio Urquieta, se\u00f1al\u00f3 que \u201cnuestro gobierno est\u00e1 trabajando sin descanso para recuperar los empleos perdidos y reactivar la econom\u00eda de nuestra regi\u00f3n, y por eso vamos a agilizar las inversiones, a apoyar a los proyectos mineros que cumplan con la institucionalidad para que comiencen a crear trabajo para las familias de la regi\u00f3n de Atacama.\u00a0 Este proyecto La Coipa Fase 7 va a crear m\u00e1s de 600 empleos en construcci\u00f3n y m\u00e1s de 900 en operaci\u00f3n, y hasta ahora la mayor\u00eda de los contratados tienen residencia en Atacama, con un 12% de mujeres, y esas son muy buenas noticias\u201d.<\/p>\n<p>En esa misma l\u00ednea, el director Nacional del Servicio Nacional de Geolog\u00eda y Miner\u00eda,\u00a0<strong>Alfonso Domeyko<\/strong>, puntualiz\u00f3 que \u201ces destacable que la empresa desde su \u00faltimo accidente, en el a\u00f1o 2013, lleva 2,8 millones de horas sin accidente con tiempo perdido, lo que demuestra que es una empresa que tiene un real compromiso con el respeto de los derechos de los trabajadores y trabajadoras de la miner\u00eda\u201d.<\/p>\n<h3 style=\"text-align: center;\"><strong>Inversi\u00f3n minera<\/strong><\/h3>\n<p>A 2023 se espera la materializaci\u00f3n de 18 proyectos en construcci\u00f3n o prontos a iniciar obras, por un monto que superar\u00e1 los US$17 mil millones y crear\u00e1 33 mil empleos a nivel nacional. En lo que respecta a Atacama, siete de esos proyectos corresponden a esta regi\u00f3n y la inversi\u00f3n bordea los US$4.286 millones, seg\u00fan catastro de Cochilco.<\/p>\n<p>En tanto, para 2029, la cartera de inversiones contempla 49 iniciativas por US$74.047 en todo Chile, siendo Atacama la segunda regi\u00f3n que recibir\u00e1 m\u00e1s inversiones, con un 25% del total llegando a los US$18.338 millones.<\/p>\n","protected":false},"excerpt":{"rendered":"<p>En el marco del plan Chile se Recupera, el ministro de Miner\u00eda,\u00a0Baldo Prokurica, junto a su par de la Mujer y Equidad de G\u00e9nero,\u00a0M\u00f3nica Zalaquett;&hellip; <\/p>\n","protected":false},"author":2,"featured_media":32394,"comment_status":"open","ping_status":"closed","sticky":false,"template":"","format":"standard","meta":{"footnotes":""},"categories":[7,34],"tags":[],"class_list":["post-32393","post","type-post","status-publish","format-standard","has-post-thumbnail","hentry","category-atacama","category-mineria"],"_links":{"self":[{"href":"https:\/\/www.radioamigavallenar.cl\/index.php?rest_route=\/wp\/v2\/posts\/32393","targetHints":{"allow":["GET"]}}],"collection":[{"href":"https:\/\/www.radioamigavallenar.cl\/index.php?rest_route=\/wp\/v2\/posts"}],"about":[{"href":"https:\/\/www.radioamigavallenar.cl\/index.php?rest_route=\/wp\/v2\/types\/post"}],"author":[{"embeddable":true,"href":"https:\/\/www.radioamigavallenar.cl\/index.php?rest_route=\/wp\/v2\/users\/2"}],"replies":[{"embeddable":true,"href":"https:\/\/www.radioamigavallenar.cl\/index.php?rest_route=%2Fwp%2Fv2%2Fcomments&post=32393"}],"version-history":[{"count":3,"href":"https:\/\/www.radioamigavallenar.cl\/index.php?rest_route=\/wp\/v2\/posts\/32393\/revisions"}],"predecessor-version":[{"id":32397,"href":"https:\/\/www.radioamigavallenar.cl\/index.php?rest_route=\/wp\/v2\/posts\/32393\/revisions\/32397"}],"wp:featuredmedia":[{"embeddable":true,"href":"https:\/\/www.radioamigavallenar.cl\/index.php?rest_route=\/wp\/v2\/media\/32394"}],"wp:attachment":[{"href":"https:\/\/www.radioamigavallenar.cl\/index.php?rest_route=%2Fwp%2Fv2%2Fmedia&parent=32393"}],"wp:term":[{"taxonomy":"category","embeddable":true,"href":"https:\/\/www.radioamigavallenar.cl\/index.php?rest_route=%2Fwp%2Fv2%2Fcategories&post=32393"},{"taxonomy":"post_tag","embeddable":true,"href":"https:\/\/www.radioamigavallenar.cl\/index.php?rest_route=%2Fwp%2Fv2%2Ftags&post=32393"}],"curies":[{"name":"wp","href":"https:\/\/api.w.org\/{rel}","templated":true}]}}