{"id":32352,"date":"2020-11-19T06:00:32","date_gmt":"2020-11-19T09:00:32","guid":{"rendered":"https:\/\/www.radioamigavallenar.cl\/?p=32352"},"modified":"2020-11-18T20:25:53","modified_gmt":"2020-11-18T23:25:53","slug":"seremi-del-medio-ambiente-lanzo-consulta-ciudadana-de-la-norma-secundaria-para-la-proteccion-de-las-aguas-del-rio-huasco","status":"publish","type":"post","link":"https:\/\/www.radioamigavallenar.cl\/?p=32352","title":{"rendered":"Seremi del Medio Ambiente lanz\u00f3 \u201cConsulta Ciudadana\u201d de la Norma Secundaria para la protecci\u00f3n de las aguas del Rio Huasco"},"content":{"rendered":"<p><strong>La iniciativa forma parte de los compromisos ambientales impulsados por el Consejo para la Recuperaci\u00f3n Ambiental y Social (CRAS) de Huasco.<\/strong><span id=\"more-128941\"><\/span><\/p>\n<p>El Ministerio de Medio Ambiente, a partir del lunes 16 y hasta el 10 de febrero de 2021, comenz\u00f3 el proceso de \u201cConsulta Ciudadana\u201d para la Norma Secundaria de Calidad Ambiental de las aguas del rio Huasco, luego de ser publicada en el Diario Oficial la resoluci\u00f3n que dio su inicio.<\/p>\n<p>Mediante una conferencia telem\u00e1tica en formato Webinar, encabezada por el Seremi del Medio Ambiente, Guillermo Ready, profesionales de la Divisi\u00f3n Jur\u00eddica y del Departamento de Ciudadan\u00eda del Ministerio, adem\u00e1s de funcionarios de la Seremi de Atacama, y participantes en su mayor\u00eda del valle del Huasco, se lanz\u00f3 el inicio de este proceso, explicando las diferentes tem\u00e1ticas asociadas y aclarando las dudas e inquietudes de los participantes sobre el proceso normativo y el Anteproyecto de la Norma Secundaria.<\/p>\n<p>En ese sentido, el Seremi del Medio Ambiente, Guillermo Ready explic\u00f3 que \u201cen mayo del presente a\u00f1o logramos publicar el Anteproyecto de la Norma, el cual se sustent\u00f3 en un an\u00e1lisis del impacto econ\u00f3mico y social de su aplicaci\u00f3n en la cuenca, incluyendo adem\u00e1s el aporte de representantes de diversos servicios p\u00fablicos presentes en el territorio, como tambi\u00e9n de instituciones y organizaciones relevantes que habitan esta cuenca hidrogr\u00e1fica\u201d.<\/p>\n<p>El Seremi Ready tambi\u00e9n se refiri\u00f3 a la importancia de la Consulta Ciudadana para los crianceros, agricultores, olivicultores y sectores productivos, formulando un llamado a los 75 mil habitantes de la Provincia del Huasco para que participen en esta consulta ciudadana, agregando que \u201cla cuenca del r\u00edo Huasco incluye ecosistemas de gran valor ecol\u00f3gico, prestando importantes servicios ecosist\u00e9micos a los diferentes actores que all\u00ed habitan o desarrollan sus actividades productivas, como la utilizaci\u00f3n de agua para riego, la provisi\u00f3n de alimentos por medio de la pesca o la utilizaci\u00f3n de este recurso para actividades culturales, entre otros.\u201d.<\/p>\n<p>En la actividad, Isidora Infante, profesional de la Divisi\u00f3n Jur\u00eddica del Ministerio de Medio Ambiente, explico las diferentes normas que existen y el objetivo jur\u00eddico de las normas secundarias, se\u00f1alando que corresponde a un instrumento de gesti\u00f3n ambiental, cuyo fin es contribuir a conservar o recuperar la \u201csalud\u201d de las aguas de la cuenca de este r\u00edo.<\/p>\n<p>Durante la exposici\u00f3n t\u00e9cnica, se inform\u00f3 que en el anteproyecto se han definido 17 \u00e1reas de vigilancia, lo que quiere decir, que los par\u00e1metros normados, deber\u00e1n ser monitoreados en esas 17 zonas y deber\u00e1n cumplir con los valores l\u00edmites definidos. Las \u00e1reas de vigilancia definidas cubren toda la superficie de la cuenca del r\u00edo Huasco, desde las zonas de cabecera de cuenca o inicio del r\u00edo en la cordillera, como el r\u00edo Valeriano o el r\u00edo Potrerillos, hasta su desembocadura en Huasco<\/p>\n<p>Por su parte, Gabriel Mendoza, profesional del Departamento de Ciudadan\u00eda del Ministerio, se refiri\u00f3 a las actividades programadas v\u00eda telem\u00e1tica y presenciales en toda la Provincia del Huasco, donde se podr\u00e1n aclarar dudas y consultas.<\/p>\n<p>Los canales de comunicaci\u00f3n oficial son:\u00a0Oficina de Gesti\u00f3n Territorial de la Gobernaci\u00f3n Provincial de Huasco, ubicada en Plaza de Armas S\/N\u00b0, Vallenar los d\u00edas martes y jueves de 10:30 a 13:00 horas , oficina de partes de la Seremi de Atacama, ubicada en Portales N\u00ba 830, Copiap\u00f3, de lunes a viernes de 8:30 a 13:00 horas y quienes est\u00e9n interesados en conocer el Anteproyecto y la programaci\u00f3n de actividades, podr\u00e1n encontrar todo en el sitio electr\u00f3nico\u00a0<a href=\"http:\/\/consultasciudadanas.mma.gob.cl\/\">http:\/\/consultasciudadanas.mma.gob.cl\/<\/a>.<\/p>\n<p>Las observaciones ser\u00e1n recepcionadas de manera escrita en la oficina de partes de la Seremi de la Regi\u00f3n de Atacama o del Ministerio de Medio Ambiente y o en formato digital en la p\u00e1gina web se\u00f1alada.<\/p>\n","protected":false},"excerpt":{"rendered":"<p>La iniciativa forma parte de los compromisos ambientales impulsados por el Consejo para la Recuperaci\u00f3n Ambiental y Social (CRAS) de Huasco. El Ministerio de Medio&hellip; <\/p>\n","protected":false},"author":2,"featured_media":30863,"comment_status":"open","ping_status":"closed","sticky":false,"template":"","format":"standard","meta":{"footnotes":""},"categories":[7,1],"tags":[],"class_list":["post-32352","post","type-post","status-publish","format-standard","has-post-thumbnail","hentry","category-atacama","category-provincia-del-huasco-2"],"_links":{"self":[{"href":"https:\/\/www.radioamigavallenar.cl\/index.php?rest_route=\/wp\/v2\/posts\/32352","targetHints":{"allow":["GET"]}}],"collection":[{"href":"https:\/\/www.radioamigavallenar.cl\/index.php?rest_route=\/wp\/v2\/posts"}],"about":[{"href":"https:\/\/www.radioamigavallenar.cl\/index.php?rest_route=\/wp\/v2\/types\/post"}],"author":[{"embeddable":true,"href":"https:\/\/www.radioamigavallenar.cl\/index.php?rest_route=\/wp\/v2\/users\/2"}],"replies":[{"embeddable":true,"href":"https:\/\/www.radioamigavallenar.cl\/index.php?rest_route=%2Fwp%2Fv2%2Fcomments&post=32352"}],"version-history":[{"count":1,"href":"https:\/\/www.radioamigavallenar.cl\/index.php?rest_route=\/wp\/v2\/posts\/32352\/revisions"}],"predecessor-version":[{"id":32353,"href":"https:\/\/www.radioamigavallenar.cl\/index.php?rest_route=\/wp\/v2\/posts\/32352\/revisions\/32353"}],"wp:featuredmedia":[{"embeddable":true,"href":"https:\/\/www.radioamigavallenar.cl\/index.php?rest_route=\/wp\/v2\/media\/30863"}],"wp:attachment":[{"href":"https:\/\/www.radioamigavallenar.cl\/index.php?rest_route=%2Fwp%2Fv2%2Fmedia&parent=32352"}],"wp:term":[{"taxonomy":"category","embeddable":true,"href":"https:\/\/www.radioamigavallenar.cl\/index.php?rest_route=%2Fwp%2Fv2%2Fcategories&post=32352"},{"taxonomy":"post_tag","embeddable":true,"href":"https:\/\/www.radioamigavallenar.cl\/index.php?rest_route=%2Fwp%2Fv2%2Ftags&post=32352"}],"curies":[{"name":"wp","href":"https:\/\/api.w.org\/{rel}","templated":true}]}}