{"id":32349,"date":"2020-11-19T06:00:10","date_gmt":"2020-11-19T09:00:10","guid":{"rendered":"https:\/\/www.radioamigavallenar.cl\/?p=32349"},"modified":"2020-11-18T20:23:28","modified_gmt":"2020-11-18T23:23:28","slug":"fiscalia-de-chanaral-reune-antecedentes-y-abre-investigacion-por-delito-de-maltrato-animal","status":"publish","type":"post","link":"https:\/\/www.radioamigavallenar.cl\/?p=32349","title":{"rendered":"Fiscal\u00eda de Cha\u00f1aral re\u00fane antecedentes y abre investigaci\u00f3n por delito de maltrato animal"},"content":{"rendered":"<p><strong>Fiscal jefe de esta ciudad, Marco Arenas Zeballos, indic\u00f3 que los animales se manten\u00edan amarrados al sol, sin comida ni agua.<\/strong><\/p>\n<p>La Fiscal\u00eda de Atacama abri\u00f3 la tarde de ayer mi\u00e9rcoles una investigaci\u00f3n penal por el delito de maltrato animal, luego que una denuncia an\u00f3nima alertara que dos perros de aproximadamente cinco meses de vida se manten\u00edan amarrados en un sitio ubicado en el ingreso norte de la ciudad. Animales que no contaban con agua, comida ni sombra para resguardarse.<\/p>\n<p>De acuerdo a lo informado por el fiscal jefe de esta comuna, Marco Arenas Zeballos, personas denunciaron el hecho de los cuales tom\u00f3 conocimiento la Fiscal\u00eda.<\/p>\n<p>\u201cHasta el lugar en que ambos perros se manten\u00edan en muy mal estado de cuidado lleg\u00f3 personal de la Municipalidad Local, adem\u00e1s de Carabineros quienes comunicaron el hecho. Frente a ello, este fiscal tom\u00f3 contacto con el Juez de turno para solicitarle una orden que permitiera rescatar a los animales y ser trasladados hasta el canil municipal. Solicitud que fue acogida y se procedi\u00f3 al traslado de ambos perros para proceder con su revisi\u00f3n y cuidado\u201d, dijo el fiscal.<\/p>\n<p>Arenas agreg\u00f3 se ordenaron diligencias destinadas a dar con el due\u00f1o de ambos animales, tarea que arroj\u00f3 resultados positivos luego de unas horas. Trat\u00e1ndose de un hombre adulto que justific\u00f3 este maltrato, mencionando que lo hac\u00eda para evitar que veh\u00edculos atropellaran a los perros.<\/p>\n<p>El fiscal Marco Arenas mencion\u00f3 que, por ahora, esta persona qued\u00f3 citada a la Fiscal\u00eda, pero que ser\u00e1 formalizada por el delito de maltrato animal. Esto por las condiciones en que se encontraban las mascotas, las que al estar amarradas con cadenas estaban imposibilitadas de buscar resguardo del sol reinante en la comuna, ni tampoco poder tomar agua. Mientras que en el lugar tampoco hab\u00eda alimentos.<\/p>\n<p>\u201cLa Fiscal\u00eda comenz\u00f3 hoy a reunir antecedentes de este caso como la declaraci\u00f3n de las personas que advirtieron el maltrato, adem\u00e1s de videos que fueron registrados en el lugar, fotograf\u00edas y principalmente un informe que fue solicitado a profesionales veterinarios de la Municipalidad. Una vez reunida toda esta informaci\u00f3n la Fiscal\u00eda solicitar\u00e1 fecha de formalizaci\u00f3n al Tribunal Local por tratarse de un hecho que en la actualidad contempla sanciones penales para quienes cometen maltratos a animales\u201d, indic\u00f3.<\/p>\n<p>Finalmente, el persecutor mencion\u00f3 que ambos perros se mantendr\u00e1n al cuidado de personas capacitadas en el canil municipal.<\/p>\n","protected":false},"excerpt":{"rendered":"<p>Fiscal jefe de esta ciudad, Marco Arenas Zeballos, indic\u00f3 que los animales se manten\u00edan amarrados al sol, sin comida ni agua. La Fiscal\u00eda de Atacama&hellip; <\/p>\n","protected":false},"author":2,"featured_media":32350,"comment_status":"open","ping_status":"closed","sticky":false,"template":"","format":"standard","meta":{"footnotes":""},"categories":[38],"tags":[],"class_list":["post-32349","post","type-post","status-publish","format-standard","has-post-thumbnail","hentry","category-portada-regional"],"_links":{"self":[{"href":"https:\/\/www.radioamigavallenar.cl\/index.php?rest_route=\/wp\/v2\/posts\/32349","targetHints":{"allow":["GET"]}}],"collection":[{"href":"https:\/\/www.radioamigavallenar.cl\/index.php?rest_route=\/wp\/v2\/posts"}],"about":[{"href":"https:\/\/www.radioamigavallenar.cl\/index.php?rest_route=\/wp\/v2\/types\/post"}],"author":[{"embeddable":true,"href":"https:\/\/www.radioamigavallenar.cl\/index.php?rest_route=\/wp\/v2\/users\/2"}],"replies":[{"embeddable":true,"href":"https:\/\/www.radioamigavallenar.cl\/index.php?rest_route=%2Fwp%2Fv2%2Fcomments&post=32349"}],"version-history":[{"count":1,"href":"https:\/\/www.radioamigavallenar.cl\/index.php?rest_route=\/wp\/v2\/posts\/32349\/revisions"}],"predecessor-version":[{"id":32351,"href":"https:\/\/www.radioamigavallenar.cl\/index.php?rest_route=\/wp\/v2\/posts\/32349\/revisions\/32351"}],"wp:featuredmedia":[{"embeddable":true,"href":"https:\/\/www.radioamigavallenar.cl\/index.php?rest_route=\/wp\/v2\/media\/32350"}],"wp:attachment":[{"href":"https:\/\/www.radioamigavallenar.cl\/index.php?rest_route=%2Fwp%2Fv2%2Fmedia&parent=32349"}],"wp:term":[{"taxonomy":"category","embeddable":true,"href":"https:\/\/www.radioamigavallenar.cl\/index.php?rest_route=%2Fwp%2Fv2%2Fcategories&post=32349"},{"taxonomy":"post_tag","embeddable":true,"href":"https:\/\/www.radioamigavallenar.cl\/index.php?rest_route=%2Fwp%2Fv2%2Ftags&post=32349"}],"curies":[{"name":"wp","href":"https:\/\/api.w.org\/{rel}","templated":true}]}}