{"id":32346,"date":"2020-11-19T06:00:36","date_gmt":"2020-11-19T09:00:36","guid":{"rendered":"https:\/\/www.radioamigavallenar.cl\/?p=32346"},"modified":"2020-11-18T20:21:11","modified_gmt":"2020-11-18T23:21:11","slug":"bono-marzo-2020-comienza-a-vencer-plazo-para-cobrar-dineros-pendientes-del-aporte-familiar","status":"publish","type":"post","link":"https:\/\/www.radioamigavallenar.cl\/?p=32346","title":{"rendered":"Bono Marzo 2020: comienza a vencer plazo para cobrar dineros pendientes del Aporte Familiar"},"content":{"rendered":"<p>La primera asignaci\u00f3n del Aporte Familiar Permanente se realiz\u00f3 el 15 de febrero. Cabe se\u00f1alar que este beneficio puede ser retirado hasta nueve meses despu\u00e9s de la fecha que se emiti\u00f3 el pago.<span id=\"more-226256\"><\/span><\/p>\n<p>&nbsp;<\/p>\n<p>Durante la quincena de noviembre<strong>\u00a0vence el plazo<\/strong>\u00a0para que los primeros beneficiarios del Aporte Familiar Permanente, m\u00e1s conocido como\u00a0<strong>Bono Marzo<\/strong>, puedan retirar su dinero en caso de que a\u00fan no haya sido cobrado.<\/p>\n<p>De acuerdo con lo indicado, este beneficio puede ser retirado hasta nueve meses despu\u00e9s de la fecha que se emiti\u00f3 el pago. Pero en caso de sobrepasar ese tiempo,<strong>\u00a0el dinero se pierde.<\/strong><\/p>\n<p>Frente a este escenario y la actual crisis econ\u00f3mica causada por la pandemia, autoridades reiteran el llamado a revisar si se es beneficiario del bono y, en caso de que as\u00ed sea, completar el tr\u00e1mite del cobro del dinero que este a\u00f1o corresponde a\u00a0<strong>$47.765 por carga o familia<\/strong>, seg\u00fan el tipo de beneficiarios<\/p>\n<p>La primera asignaci\u00f3n del Aporte Familiar Permanente se realiz\u00f3 el 15 de febrero, mientras que el segundo y tercer llamado se llevaron a cabo el 02 y 16 de marzo.<\/p>\n","protected":false},"excerpt":{"rendered":"<p>La primera asignaci\u00f3n del Aporte Familiar Permanente se realiz\u00f3 el 15 de febrero. Cabe se\u00f1alar que este beneficio puede ser retirado hasta nueve meses despu\u00e9s&hellip; <\/p>\n","protected":false},"author":2,"featured_media":32347,"comment_status":"open","ping_status":"closed","sticky":false,"template":"","format":"standard","meta":{"footnotes":""},"categories":[37],"tags":[],"class_list":["post-32346","post","type-post","status-publish","format-standard","has-post-thumbnail","hentry","category-nacional"],"_links":{"self":[{"href":"https:\/\/www.radioamigavallenar.cl\/index.php?rest_route=\/wp\/v2\/posts\/32346","targetHints":{"allow":["GET"]}}],"collection":[{"href":"https:\/\/www.radioamigavallenar.cl\/index.php?rest_route=\/wp\/v2\/posts"}],"about":[{"href":"https:\/\/www.radioamigavallenar.cl\/index.php?rest_route=\/wp\/v2\/types\/post"}],"author":[{"embeddable":true,"href":"https:\/\/www.radioamigavallenar.cl\/index.php?rest_route=\/wp\/v2\/users\/2"}],"replies":[{"embeddable":true,"href":"https:\/\/www.radioamigavallenar.cl\/index.php?rest_route=%2Fwp%2Fv2%2Fcomments&post=32346"}],"version-history":[{"count":1,"href":"https:\/\/www.radioamigavallenar.cl\/index.php?rest_route=\/wp\/v2\/posts\/32346\/revisions"}],"predecessor-version":[{"id":32348,"href":"https:\/\/www.radioamigavallenar.cl\/index.php?rest_route=\/wp\/v2\/posts\/32346\/revisions\/32348"}],"wp:featuredmedia":[{"embeddable":true,"href":"https:\/\/www.radioamigavallenar.cl\/index.php?rest_route=\/wp\/v2\/media\/32347"}],"wp:attachment":[{"href":"https:\/\/www.radioamigavallenar.cl\/index.php?rest_route=%2Fwp%2Fv2%2Fmedia&parent=32346"}],"wp:term":[{"taxonomy":"category","embeddable":true,"href":"https:\/\/www.radioamigavallenar.cl\/index.php?rest_route=%2Fwp%2Fv2%2Fcategories&post=32346"},{"taxonomy":"post_tag","embeddable":true,"href":"https:\/\/www.radioamigavallenar.cl\/index.php?rest_route=%2Fwp%2Fv2%2Ftags&post=32346"}],"curies":[{"name":"wp","href":"https:\/\/api.w.org\/{rel}","templated":true}]}}