{"id":32343,"date":"2020-11-19T06:00:35","date_gmt":"2020-11-19T09:00:35","guid":{"rendered":"https:\/\/www.radioamigavallenar.cl\/?p=32343"},"modified":"2020-11-18T20:19:33","modified_gmt":"2020-11-18T23:19:33","slug":"invitan-a-postular-a-premios-regionales-de-cultura-arte-y-patrimonio-2020","status":"publish","type":"post","link":"https:\/\/www.radioamigavallenar.cl\/?p=32343","title":{"rendered":"Invitan a postular a premios regionales de Cultura, Arte y Patrimonio 2020"},"content":{"rendered":"<p><strong>El reconocimiento busca destacar p\u00fablicamente a los artistas, gestores y\/o cultores que\u00a0<\/strong><strong>han desarrollado iniciativas significativas en el rescate y fortalecimiento de la identidad regional. Las postulaciones son hasta las 17:00 horas del viernes 18 de diciembre.<\/strong><\/p>\n<p>&nbsp;<\/p>\n<p>La Secretar\u00eda Regional Ministerial de las Culturas, las Artes y el Patrimonio de Atacama, invita a la comunidad art\u00edstica de la regi\u00f3n a participar de la convocatoria a los Premios Regionales de Cultura, Arte y Patrimonio 2020, los que este a\u00f1o se dirigen a honrar la trayectoria art\u00edstica.<\/p>\n<p>El reconocimiento, que busca destacar p\u00fablicamente a los artistas, gestores y\/o cultores mayores de 50 a\u00f1os que han desarrollado iniciativas significativas en el rescate y fortalecimiento de la identidad regional, tendr\u00e1 sus postulaciones abiertas hasta las 17:00 horas del viernes 18 de diciembre.<\/p>\n<p>As\u00ed lo dio a conocer la Seremi Mar\u00eda Cecilia Simunovic Ram\u00edrez, indicando que la iniciativa es parte de las acciones que el ministerio realiza a trav\u00e9s del Programa de Fortalecimiento de la Identidad Regional, para poner en valor el trabajo y las obras que la comunidad art\u00edstica realiza diariamente.<\/p>\n<p>\u201cLos Premios Regionales de Cultura, Arte y Patrimonio tienen el objetivo de reconocer la obra de personas que habitan en la regi\u00f3n, y que han desarrollado iniciativas significativas en el rescate y fortalecimiento de la identidad de Atacama, o bien han aportado al dinamismo en la participaci\u00f3n ciudadana, o realizado aportes a la descentralizaci\u00f3n del desarrollo art\u00edstico y cultural de la regi\u00f3n, a trav\u00e9s de una obra continua en el tiempo. Se trata del reconocimiento a artistas, gestores y\/o cultores que poseen una trayectoria comprobable por su excelencia, creatividad, aporte trascendente a la cultura regional, y al desarrollo de dichos campos y \u00e1reas del saber y de las artes\u201d, explic\u00f3.<\/p>\n<p style=\"text-align: center;\"><strong>POSTULACIONES<\/strong><\/p>\n<p>Para postular al reconocimiento que tendr\u00e1 un ganador por cada comuna de la regi\u00f3n, y que considera un aporte de un mill\u00f3n 111 mil pesos, los interesados pueden descargar las bases y el formulario \u00fanico de postulaci\u00f3n (FUP) en la p\u00e1gina\u00a0<a href=\"http:\/\/www.cultura.gob.cl\/\">www.cultura.gob.cl<\/a>, o retirar en f\u00edsico en cada una de las oficinas municipales de cultura de la regi\u00f3n, en la gobernaci\u00f3n correspondiente, o en las oficinas de la SEREMI ubicadas en Atacama #660 comuna de Copiap\u00f3.<\/p>\n<p>Para realizar y aclarar dudas o consultas, los postulantes pueden dirigir un correo electr\u00f3nico a\u00a0<a href=\"mailto:paula.carrizo@cultura.gob.cl\">paula.carrizo@cultura.gob.cl<\/a><\/p>\n","protected":false},"excerpt":{"rendered":"<p>El reconocimiento busca destacar p\u00fablicamente a los artistas, gestores y\/o cultores que\u00a0han desarrollado iniciativas significativas en el rescate y fortalecimiento de la identidad regional. Las&hellip; <\/p>\n","protected":false},"author":2,"featured_media":32344,"comment_status":"open","ping_status":"closed","sticky":false,"template":"","format":"standard","meta":{"footnotes":""},"categories":[7],"tags":[],"class_list":["post-32343","post","type-post","status-publish","format-standard","has-post-thumbnail","hentry","category-atacama"],"_links":{"self":[{"href":"https:\/\/www.radioamigavallenar.cl\/index.php?rest_route=\/wp\/v2\/posts\/32343","targetHints":{"allow":["GET"]}}],"collection":[{"href":"https:\/\/www.radioamigavallenar.cl\/index.php?rest_route=\/wp\/v2\/posts"}],"about":[{"href":"https:\/\/www.radioamigavallenar.cl\/index.php?rest_route=\/wp\/v2\/types\/post"}],"author":[{"embeddable":true,"href":"https:\/\/www.radioamigavallenar.cl\/index.php?rest_route=\/wp\/v2\/users\/2"}],"replies":[{"embeddable":true,"href":"https:\/\/www.radioamigavallenar.cl\/index.php?rest_route=%2Fwp%2Fv2%2Fcomments&post=32343"}],"version-history":[{"count":1,"href":"https:\/\/www.radioamigavallenar.cl\/index.php?rest_route=\/wp\/v2\/posts\/32343\/revisions"}],"predecessor-version":[{"id":32345,"href":"https:\/\/www.radioamigavallenar.cl\/index.php?rest_route=\/wp\/v2\/posts\/32343\/revisions\/32345"}],"wp:featuredmedia":[{"embeddable":true,"href":"https:\/\/www.radioamigavallenar.cl\/index.php?rest_route=\/wp\/v2\/media\/32344"}],"wp:attachment":[{"href":"https:\/\/www.radioamigavallenar.cl\/index.php?rest_route=%2Fwp%2Fv2%2Fmedia&parent=32343"}],"wp:term":[{"taxonomy":"category","embeddable":true,"href":"https:\/\/www.radioamigavallenar.cl\/index.php?rest_route=%2Fwp%2Fv2%2Fcategories&post=32343"},{"taxonomy":"post_tag","embeddable":true,"href":"https:\/\/www.radioamigavallenar.cl\/index.php?rest_route=%2Fwp%2Fv2%2Ftags&post=32343"}],"curies":[{"name":"wp","href":"https:\/\/api.w.org\/{rel}","templated":true}]}}