{"id":32335,"date":"2020-11-19T06:00:45","date_gmt":"2020-11-19T09:00:45","guid":{"rendered":"https:\/\/www.radioamigavallenar.cl\/?p=32335"},"modified":"2020-11-18T20:09:51","modified_gmt":"2020-11-18T23:09:51","slug":"diputada-sofia-cid-tenemos-que-asegurar-recursos-para-obras-publicas-de-atacama","status":"publish","type":"post","link":"https:\/\/www.radioamigavallenar.cl\/?p=32335","title":{"rendered":"Diputada Sof\u00eda Cid: \u00abTenemos que asegurar recursos para Obras P\u00fablicas de Atacama\u00bb"},"content":{"rendered":"<p>\u201cEste presupuesto se construye considerando el acuerdo pol\u00edtico alcanzado en junio de 2020 llamado Marco de Entendimiento para un Plan de Emergencia que entre otros aspectos considera mantener el impulso fiscal realizado el a\u00f1o 2020 durante el a\u00f1o 2021\u201d, explica la Diputada Cid Versalovic.<\/p>\n<p>La Diputada por la Regi\u00f3n de Atacama, Sof\u00eda Cid Versalovic, conforma la Comisi\u00f3n de Hacienda, en consecuencia es parte del selecto grupo de parlamentarios que trabaj\u00f3 en detalle la Ley de Presupuesto 2021 antes de que comenzara su discusi\u00f3n en la sala de la C\u00e1mara. La parlamentaria cree que es muy relevante aprobar la partida de obras para asegurar recursos de \u00a0importantes obras p\u00fablicas que deben construirse en la regi\u00f3n.<\/p>\n<p><strong>Obras p\u00fablicas para reactivar<\/strong><\/p>\n<p>El Plan de Recuperaci\u00f3n Econ\u00f3mica. Cabe recordar \u00a0que este plan destina importantes recursos para el desarrollo de nuevas iniciativas de inversi\u00f3n, as\u00ed como tambi\u00e9n para intensificar el nivel de gasto en proyectos de infraestructura, para asegurar una reactivaci\u00f3n econ\u00f3mica en el m\u00e1s breve plazo.<\/p>\n<p>En relaci\u00f3n a la regi\u00f3n de Atacama, a pesar de la crisis del COVID-19 se consideran importantes recursos en varias iniciativas muy relevantes para la comunidad. \u201cMe he preocupado que el presupuesto 2021 para la regi\u00f3n de Atacama sean obras, que estas obras se traduzcan en trabajo y mano de obra local\u201d indic\u00f3 la parlamentaria por Atacama.<\/p>\n<p>Para Cid Versalovic fue importante que se comprometieran recursos para conservaci\u00f3n de obras fluviales, manejo de cauces y conservaci\u00f3n de riberas y cauces naturales por un monto total de m\u00e1s de 11.000 millones de pesos, y abarcan el R\u00edo Salado, el R\u00edo Copiap\u00f3 y el R\u00edo Huasco. \u201cEste es un tema muy importante para Atacama, los aluviones de 2015 y 2017 nos han marcado profundamente. Gran parte de esta potente inversi\u00f3n \u00a0es para proyectos que est\u00e1n en fase de ejecuci\u00f3n, como los son la construcci\u00f3n de obras fluviales en la Quebrada de Paipote, comuna de Copiap\u00f3, y la conservaci\u00f3n de riberas a lo largo de Atacama\u201d.<\/p>\n<p>Asimismo, se destinan $3.000 millones destinados a infraestructura en \u00e1reas tur\u00edsticas, las que generan externalidades positivas en las localidades en que se desarrollan. \u201cEn este aspecto, me parece importante destacar para la Regi\u00f3n de Atacama, los 3 proyectos de mejoramiento de borde en las comunas de Cha\u00f1aral, Huasco y Caldera (Las Machas-Bah\u00eda Inglesa) todos ellos en fase de ejecuci\u00f3n\u201d finaliz\u00f3 la diputada Sof\u00eda Cid Versalovic.<\/p>\n","protected":false},"excerpt":{"rendered":"<p>\u201cEste presupuesto se construye considerando el acuerdo pol\u00edtico alcanzado en junio de 2020 llamado Marco de Entendimiento para un Plan de Emergencia que entre otros&hellip; <\/p>\n","protected":false},"author":2,"featured_media":28814,"comment_status":"open","ping_status":"closed","sticky":false,"template":"","format":"standard","meta":{"footnotes":""},"categories":[7],"tags":[],"class_list":["post-32335","post","type-post","status-publish","format-standard","has-post-thumbnail","hentry","category-atacama"],"_links":{"self":[{"href":"https:\/\/www.radioamigavallenar.cl\/index.php?rest_route=\/wp\/v2\/posts\/32335","targetHints":{"allow":["GET"]}}],"collection":[{"href":"https:\/\/www.radioamigavallenar.cl\/index.php?rest_route=\/wp\/v2\/posts"}],"about":[{"href":"https:\/\/www.radioamigavallenar.cl\/index.php?rest_route=\/wp\/v2\/types\/post"}],"author":[{"embeddable":true,"href":"https:\/\/www.radioamigavallenar.cl\/index.php?rest_route=\/wp\/v2\/users\/2"}],"replies":[{"embeddable":true,"href":"https:\/\/www.radioamigavallenar.cl\/index.php?rest_route=%2Fwp%2Fv2%2Fcomments&post=32335"}],"version-history":[{"count":1,"href":"https:\/\/www.radioamigavallenar.cl\/index.php?rest_route=\/wp\/v2\/posts\/32335\/revisions"}],"predecessor-version":[{"id":32336,"href":"https:\/\/www.radioamigavallenar.cl\/index.php?rest_route=\/wp\/v2\/posts\/32335\/revisions\/32336"}],"wp:featuredmedia":[{"embeddable":true,"href":"https:\/\/www.radioamigavallenar.cl\/index.php?rest_route=\/wp\/v2\/media\/28814"}],"wp:attachment":[{"href":"https:\/\/www.radioamigavallenar.cl\/index.php?rest_route=%2Fwp%2Fv2%2Fmedia&parent=32335"}],"wp:term":[{"taxonomy":"category","embeddable":true,"href":"https:\/\/www.radioamigavallenar.cl\/index.php?rest_route=%2Fwp%2Fv2%2Fcategories&post=32335"},{"taxonomy":"post_tag","embeddable":true,"href":"https:\/\/www.radioamigavallenar.cl\/index.php?rest_route=%2Fwp%2Fv2%2Ftags&post=32335"}],"curies":[{"name":"wp","href":"https:\/\/api.w.org\/{rel}","templated":true}]}}