{"id":32332,"date":"2020-11-19T06:00:47","date_gmt":"2020-11-19T09:00:47","guid":{"rendered":"https:\/\/www.radioamigavallenar.cl\/?p=32332"},"modified":"2020-11-18T20:08:30","modified_gmt":"2020-11-18T23:08:30","slug":"caserones-y-apeco-intercambian-experiencia-frente-a-la-pandemia-de-covid-19","status":"publish","type":"post","link":"https:\/\/www.radioamigavallenar.cl\/?p=32332","title":{"rendered":"Caserones y Apeco intercambian experiencia frente a la pandemia de Covid-19"},"content":{"rendered":"<p>Conocer e intercambiar experiencias de c\u00f3mo han abordado la emergencia sanitaria por el Covid-19, fue el objetivo del encuentro que sostuvieron representantes de Minera Lumina Copper Chile y la Asociaci\u00f3n de Productores y Exportadores Agr\u00edcolas del Valle de Copiap\u00f3<strong>,<\/strong>\u00a0Apeco, quienes valoraron este tipo de instancias.<\/p>\n<p>\u201cFue una jornada bastante provechosa porque expusimos lo que ha sido nuestra gesti\u00f3n y las buenas pr\u00e1cticas durante estos meses de pandemia, y c\u00f3mo hemos logrado contener esta enfermedad; y ellos (Apeco), nos dieron muy buenos ejemplos y pr\u00e1cticas que podemos imitar\u201d, afirm\u00f3 William Henott, Gerente de Prevenci\u00f3n de Riesgos de Caserones.<\/p>\n<p>Para la presidenta de Apeco, Lina Arrieta, saber el trabajo de la empresa minera en su faena y el apoyo entregado a las comunidades, result\u00f3 \u201cinteresant\u00edsimo el poder conocer en detalle lo que ellos -Minera Lumina Copper Chile- han hecho, y que ha sido bastante similar a lo que hemos realizado como Asociaci\u00f3n de Productores dentro de los campos, donde se han implementado protocolos Covid-19\u201d.<\/p>\n<p>La portavoz de los Productores y Exportadores Agr\u00edcolas del Valle de Copiap\u00f3, agreg\u00f3 que \u201ces la primera temporada de cosecha que vamos a tener con la pandemia y esperamos poder tener el m\u00ednimo de contagio\u201d, donde indic\u00f3 que llegar\u00e1n a tener hasta 18 mil personas entre diciembre de este a\u00f1o y febrero de 2021.<\/p>\n<p>Ambas instituciones coincidieron en seguir reforzando los esfuerzos para hacer frente a la emergencia sanitaria, donde la prioridad seguir\u00e1 siendo la salud y seguridad de los trabajadores y las comunidades.<\/p>\n","protected":false},"excerpt":{"rendered":"<p>Conocer e intercambiar experiencias de c\u00f3mo han abordado la emergencia sanitaria por el Covid-19, fue el objetivo del encuentro que sostuvieron representantes de Minera Lumina&hellip; <\/p>\n","protected":false},"author":2,"featured_media":32333,"comment_status":"open","ping_status":"closed","sticky":false,"template":"","format":"standard","meta":{"footnotes":""},"categories":[7],"tags":[],"class_list":["post-32332","post","type-post","status-publish","format-standard","has-post-thumbnail","hentry","category-atacama"],"_links":{"self":[{"href":"https:\/\/www.radioamigavallenar.cl\/index.php?rest_route=\/wp\/v2\/posts\/32332","targetHints":{"allow":["GET"]}}],"collection":[{"href":"https:\/\/www.radioamigavallenar.cl\/index.php?rest_route=\/wp\/v2\/posts"}],"about":[{"href":"https:\/\/www.radioamigavallenar.cl\/index.php?rest_route=\/wp\/v2\/types\/post"}],"author":[{"embeddable":true,"href":"https:\/\/www.radioamigavallenar.cl\/index.php?rest_route=\/wp\/v2\/users\/2"}],"replies":[{"embeddable":true,"href":"https:\/\/www.radioamigavallenar.cl\/index.php?rest_route=%2Fwp%2Fv2%2Fcomments&post=32332"}],"version-history":[{"count":1,"href":"https:\/\/www.radioamigavallenar.cl\/index.php?rest_route=\/wp\/v2\/posts\/32332\/revisions"}],"predecessor-version":[{"id":32334,"href":"https:\/\/www.radioamigavallenar.cl\/index.php?rest_route=\/wp\/v2\/posts\/32332\/revisions\/32334"}],"wp:featuredmedia":[{"embeddable":true,"href":"https:\/\/www.radioamigavallenar.cl\/index.php?rest_route=\/wp\/v2\/media\/32333"}],"wp:attachment":[{"href":"https:\/\/www.radioamigavallenar.cl\/index.php?rest_route=%2Fwp%2Fv2%2Fmedia&parent=32332"}],"wp:term":[{"taxonomy":"category","embeddable":true,"href":"https:\/\/www.radioamigavallenar.cl\/index.php?rest_route=%2Fwp%2Fv2%2Fcategories&post=32332"},{"taxonomy":"post_tag","embeddable":true,"href":"https:\/\/www.radioamigavallenar.cl\/index.php?rest_route=%2Fwp%2Fv2%2Ftags&post=32332"}],"curies":[{"name":"wp","href":"https:\/\/api.w.org\/{rel}","templated":true}]}}