{"id":32326,"date":"2020-11-18T11:56:44","date_gmt":"2020-11-18T14:56:44","guid":{"rendered":"https:\/\/www.radioamigavallenar.cl\/?p=32326"},"modified":"2020-11-18T11:57:00","modified_gmt":"2020-11-18T14:57:00","slug":"este-sabado-21-es-el-ultimo-dia-para-solicitar-el-cambio-de-domicilio-electoral","status":"publish","type":"post","link":"https:\/\/www.radioamigavallenar.cl\/?p=32326","title":{"rendered":"Este s\u00e1bado 21 es el \u00faltimo d\u00eda para solicitar el cambio de domicilio electoral"},"content":{"rendered":"<h3><strong>Hasta este s\u00e1bado 21 de noviembre se extiende el plazo para quienes necesiten cambiar su domicilio electoral con miras a las elecciones de abril de 2021.<\/strong><\/h3>\n<p>La solicitud de cambio de domicilio electoral se puede efectuar desde el 1 de noviembre a trav\u00e9s del\u00a0<a href=\"https:\/\/servel.us15.list-manage.com\/track\/click?u=164fc57d7a3c93ed4382fecdb&amp;id=8ada55b976&amp;e=892eb81139\" data-saferedirecturl=\"https:\/\/www.google.com\/url?q=https:\/\/servel.us15.list-manage.com\/track\/click?u%3D164fc57d7a3c93ed4382fecdb%26id%3D8ada55b976%26e%3D892eb81139&amp;source=gmail&amp;ust=1605793349028000&amp;usg=AFQjCNEl2FiHW58rQrDRILebwT0YF7gTvQ\"><strong>sitio web de Servel, con Clave \u00danica<\/strong><\/a>, pero tambi\u00e9n de lunes a viernes de forma presencial en las\u00a0<a href=\"https:\/\/servel.us15.list-manage.com\/track\/click?u=164fc57d7a3c93ed4382fecdb&amp;id=617ea24c34&amp;e=892eb81139\" data-saferedirecturl=\"https:\/\/www.google.com\/url?q=https:\/\/servel.us15.list-manage.com\/track\/click?u%3D164fc57d7a3c93ed4382fecdb%26id%3D617ea24c34%26e%3D892eb81139&amp;source=gmail&amp;ust=1605793349028000&amp;usg=AFQjCNGCroT-FYZ8WHQlRqcA8m0hI2d8Ow\"><strong>Direcciones Regionales del Servicio Electoral<\/strong><\/a>.<\/p>\n<p>La solicitud de cambio de domicilio electoral no es un tr\u00e1mite obligatorio, sino s\u00f3lo para quienes por distinto motivo necesiten realizarlo. Los cambios solicitados en este periodo no se ver\u00e1n reflejados en las Elecciones Primarias de este 29 de noviembre, sino que en estar\u00e1n presentes en el padr\u00f3n de las elecciones de Gobernadores Regionales, Alcaldes y Concejales y eventuales Convencionales Constituyentes del 11 de abril de 2021.<\/p>\n<p>El 21 de noviembre a la medianoche se realiza el cese de las actualizaciones del Registro Electoral de la ciudadan\u00eda (nombres, domicilios electorales e inhabilidades legales, entre otros), para posteriormente generar un nuevo padr\u00f3n provisorio, que es sometido a la revisi\u00f3n de empresas auditoras externas, dando origen a un padr\u00f3n auditado que se da a conocer a la ciudadan\u00eda y ante el que existe un plazo de 10 d\u00edas para reclamar por errores u omisiones. Finalmente, luego del resultado de las reclamaciones, se elabora el padr\u00f3n definitivo de una elecci\u00f3n o plebiscito.<\/p>\n<p style=\"text-align: center;\"><strong>\u00bfQu\u00e9 es el domicilio electoral?<\/strong><\/p>\n<p>Por domicilio electoral se entiende aquel situado dentro de Chile, con el cual la persona tiene un v\u00ednculo objetivo, sea porque reside habitual o temporalmente, ejerce su profesi\u00f3n u oficio o desarrolla sus estudios en \u00e9l. En el caso de los ciudadanos con derecho a sufragio que se encuentren en el extranjero, el domicilio electoral es aquel situado fuera de Chile, declarado como tal por el elector.<\/p>\n<p style=\"text-align: center;\"><strong>\u00bfQu\u00e9 pasa si se declara un domicilio electoral con el que no se tiene un v\u00ednculo?<\/strong><\/p>\n<p>Quien proporcione datos falsos o un domicilio electoral con el que no tenga un v\u00ednculo objetivo, o el que, al momento de solicitar cambio de domicilio electoral o la acreditaci\u00f3n del avecindamiento, suplantare a otra persona, sufrir\u00e1 la pena de reclusi\u00f3n menor en su grado m\u00ednimo y multa de una a tres unidades tributarias mensuales, seg\u00fan lo indicado por el art\u00edculo 54 de la ley 18.556 Org\u00e1nica Constitucional sobre sistema de inscripciones electorales y Servicio Electoral.<\/p>\n","protected":false},"excerpt":{"rendered":"<p>Hasta este s\u00e1bado 21 de noviembre se extiende el plazo para quienes necesiten cambiar su domicilio electoral con miras a las elecciones de abril de&hellip; <\/p>\n","protected":false},"author":2,"featured_media":22062,"comment_status":"open","ping_status":"closed","sticky":false,"template":"","format":"standard","meta":{"footnotes":""},"categories":[37],"tags":[],"class_list":["post-32326","post","type-post","status-publish","format-standard","has-post-thumbnail","hentry","category-nacional"],"_links":{"self":[{"href":"https:\/\/www.radioamigavallenar.cl\/index.php?rest_route=\/wp\/v2\/posts\/32326","targetHints":{"allow":["GET"]}}],"collection":[{"href":"https:\/\/www.radioamigavallenar.cl\/index.php?rest_route=\/wp\/v2\/posts"}],"about":[{"href":"https:\/\/www.radioamigavallenar.cl\/index.php?rest_route=\/wp\/v2\/types\/post"}],"author":[{"embeddable":true,"href":"https:\/\/www.radioamigavallenar.cl\/index.php?rest_route=\/wp\/v2\/users\/2"}],"replies":[{"embeddable":true,"href":"https:\/\/www.radioamigavallenar.cl\/index.php?rest_route=%2Fwp%2Fv2%2Fcomments&post=32326"}],"version-history":[{"count":2,"href":"https:\/\/www.radioamigavallenar.cl\/index.php?rest_route=\/wp\/v2\/posts\/32326\/revisions"}],"predecessor-version":[{"id":32328,"href":"https:\/\/www.radioamigavallenar.cl\/index.php?rest_route=\/wp\/v2\/posts\/32326\/revisions\/32328"}],"wp:featuredmedia":[{"embeddable":true,"href":"https:\/\/www.radioamigavallenar.cl\/index.php?rest_route=\/wp\/v2\/media\/22062"}],"wp:attachment":[{"href":"https:\/\/www.radioamigavallenar.cl\/index.php?rest_route=%2Fwp%2Fv2%2Fmedia&parent=32326"}],"wp:term":[{"taxonomy":"category","embeddable":true,"href":"https:\/\/www.radioamigavallenar.cl\/index.php?rest_route=%2Fwp%2Fv2%2Fcategories&post=32326"},{"taxonomy":"post_tag","embeddable":true,"href":"https:\/\/www.radioamigavallenar.cl\/index.php?rest_route=%2Fwp%2Fv2%2Ftags&post=32326"}],"curies":[{"name":"wp","href":"https:\/\/api.w.org\/{rel}","templated":true}]}}