{"id":32323,"date":"2020-11-18T11:51:39","date_gmt":"2020-11-18T14:51:39","guid":{"rendered":"https:\/\/www.radioamigavallenar.cl\/?p=32323"},"modified":"2020-11-18T11:51:39","modified_gmt":"2020-11-18T14:51:39","slug":"atacama-reporto-hoy-miercoles-19-casos-nuevos-de-coronavirus","status":"publish","type":"post","link":"https:\/\/www.radioamigavallenar.cl\/?p=32323","title":{"rendered":"Atacama report\u00f3 hoy mi\u00e9rcoles 19 casos nuevos de Coronavirus"},"content":{"rendered":"<p><strong>Atacama registra 8.017 casos totales<\/strong><br \/>\n<span id=\"more-226076\"><\/span><\/p>\n<p>&nbsp;<\/p>\n<p>El Minsal inform\u00f3 este mi\u00e9rcoles, 19 casos nuevos de Coronavirus en la regi\u00f3n de Atacama.<\/p>\n<p>Los casos por comunas reportados hoy fueron los siguientes:<\/p>\n<p style=\"text-align: center;\"><a href=\"https:\/\/www.radioamigavallenar.cl\/wp-content\/uploads\/2020\/11\/EnHQeqkVQAMsJve.jpg\"><img loading=\"lazy\" decoding=\"async\" class=\"alignnone  wp-image-32324\" src=\"https:\/\/www.radioamigavallenar.cl\/wp-content\/uploads\/2020\/11\/EnHQeqkVQAMsJve-300x300.jpg\" alt=\"\" width=\"898\" height=\"898\" \/><\/a><\/p>\n<p>Con aquello Atacama alcanza a la fecha un total de 8.017 casos de coronavirus.<\/p>\n","protected":false},"excerpt":{"rendered":"<p>Atacama registra 8.017 casos totales &nbsp; El Minsal inform\u00f3 este mi\u00e9rcoles, 19 casos nuevos de Coronavirus en la regi\u00f3n de Atacama. Los casos por comunas&hellip; <\/p>\n","protected":false},"author":2,"featured_media":31936,"comment_status":"open","ping_status":"closed","sticky":false,"template":"","format":"standard","meta":{"footnotes":""},"categories":[38],"tags":[],"class_list":["post-32323","post","type-post","status-publish","format-standard","has-post-thumbnail","hentry","category-portada-regional"],"_links":{"self":[{"href":"https:\/\/www.radioamigavallenar.cl\/index.php?rest_route=\/wp\/v2\/posts\/32323","targetHints":{"allow":["GET"]}}],"collection":[{"href":"https:\/\/www.radioamigavallenar.cl\/index.php?rest_route=\/wp\/v2\/posts"}],"about":[{"href":"https:\/\/www.radioamigavallenar.cl\/index.php?rest_route=\/wp\/v2\/types\/post"}],"author":[{"embeddable":true,"href":"https:\/\/www.radioamigavallenar.cl\/index.php?rest_route=\/wp\/v2\/users\/2"}],"replies":[{"embeddable":true,"href":"https:\/\/www.radioamigavallenar.cl\/index.php?rest_route=%2Fwp%2Fv2%2Fcomments&post=32323"}],"version-history":[{"count":1,"href":"https:\/\/www.radioamigavallenar.cl\/index.php?rest_route=\/wp\/v2\/posts\/32323\/revisions"}],"predecessor-version":[{"id":32325,"href":"https:\/\/www.radioamigavallenar.cl\/index.php?rest_route=\/wp\/v2\/posts\/32323\/revisions\/32325"}],"wp:featuredmedia":[{"embeddable":true,"href":"https:\/\/www.radioamigavallenar.cl\/index.php?rest_route=\/wp\/v2\/media\/31936"}],"wp:attachment":[{"href":"https:\/\/www.radioamigavallenar.cl\/index.php?rest_route=%2Fwp%2Fv2%2Fmedia&parent=32323"}],"wp:term":[{"taxonomy":"category","embeddable":true,"href":"https:\/\/www.radioamigavallenar.cl\/index.php?rest_route=%2Fwp%2Fv2%2Fcategories&post=32323"},{"taxonomy":"post_tag","embeddable":true,"href":"https:\/\/www.radioamigavallenar.cl\/index.php?rest_route=%2Fwp%2Fv2%2Ftags&post=32323"}],"curies":[{"name":"wp","href":"https:\/\/api.w.org\/{rel}","templated":true}]}}