{"id":32321,"date":"2020-11-18T11:36:51","date_gmt":"2020-11-18T14:36:51","guid":{"rendered":"https:\/\/www.radioamigavallenar.cl\/?p=32321"},"modified":"2020-11-18T11:36:51","modified_gmt":"2020-11-18T14:36:51","slug":"alcalde-de-vallenar-cristian-tapia-renuncia-a-su-cargo-este-viernes-20-para-preparar-su-candidatura-parlamentaria","status":"publish","type":"post","link":"https:\/\/www.radioamigavallenar.cl\/?p=32321","title":{"rendered":"Alcalde de Vallenar Cristian Tapia renuncia a su cargo este viernes 20 para preparar su candidatura parlamentaria"},"content":{"rendered":"<p style=\"font-weight: 400;\"><span style=\"font-style: inherit; font-weight: inherit;\">A trav\u00e9s de la edici\u00f3n del \u00faltimo bolet\u00edn informativo del municipio, el alcalde de la comuna de Vallenar, Cristi\u00e1n Tapia oficializ\u00f3 su renuncia al cargo para preparar su candidatura parlamentaria el pr\u00f3ximo a\u00f1o. En la editorial del bolet\u00edn \u201cVallenar m\u00e1s Informado\u201d del municipio, Tapia se\u00f1al\u00f3 que \u201cson estas mis \u00faltimas palabras para este bolet\u00edn municipal que resume cada quince d\u00edas el trabajo permanente del municipio vallenarino. Y digo que esta ser\u00e1 mi \u00faltima editorial que escribo, porque como la mayor\u00eda sabe, renuncio a mi cargo de alcalde el pr\u00f3ximo viernes 20 para dedicarme a mi campa\u00f1a como candidato a diputado por la regi\u00f3n de Atacama\u201d.<\/span><\/p>\n<p style=\"font-weight: 400;\"><span style=\"font-style: inherit; font-weight: inherit;\">Asimismo, el alcalde, coment\u00f3 que \u201cla nueva normativa legal, aprobada hace poco tiempo, es clara al se\u00f1alar que un alcalde, concejal o parlamentario no puede postularse a un mismo cargo m\u00e1s all\u00e1 de tres periodos consecutivos, lo que me parece muy bueno para la salud de la democracia misma, como tambi\u00e9n para la necesaria renovaci\u00f3n de figuras que debe tener la pol\u00edtica. Al cabo de tres periodos consecutivos al frente del municipio vallenarino puedo decir, objetivamente, sin soberbia ni falsa modestia, que cumplimos con la comuna\u201d.<\/span><\/p>\n<p style=\"font-weight: 400; text-align: center;\"><strong><span style=\"font-style: inherit;\">\u00bfQUI\u00c9N ASUME?<\/span><\/strong><\/p>\n<p style=\"font-weight: 400;\"><span style=\"font-style: inherit; font-weight: inherit;\">Seg\u00fan establece el Servicio Electoral, cuando el alcalde se encuentre afecto a una incapacidad temporal superior a cuarenta y cinco d\u00edas, o cuando el cargo est\u00e9 vacante, el concejo municipal designar\u00e1 de entre sus miembros a un alcalde suplente, en sesi\u00f3n especialmente convocada al efecto. De esta manera, el concejo proceder\u00e1 a elegir un nuevo alcalde(sa), que complete el per\u00edodo, de entre sus propios miembros y por mayor\u00eda absoluta de los concejales en ejercicio. De no reunir ninguno de ellos dicha mayor\u00eda, se repetir\u00e1 la votaci\u00f3n, en la que s\u00f3lo los dos concejales que hubieren obtenido las dos mayor\u00edas relativas podr\u00e1n ser votados. En caso de no lograrse nuevamente la mayor\u00eda absoluta en esta segunda votaci\u00f3n, o produci\u00e9ndose empate, ser\u00e1 considerado alcalde aqu\u00e9l de los dos concejales que hubiere obtenido mayor n\u00famero de preferencias ciudadanas en la elecci\u00f3n municipal respectiva. La Ley n\u00ba 18.695, Org\u00e1nica Constitucional de Municipalidades, en el art\u00edculo 62 se\u00f1ala que el alcalde cesar\u00e1 su cargo en diversos casos, entre ellos, por renuncia por motivos justificados. Esta renuncia, debe ser \u201caceptada por los dos tercios de los miembros en ejercicio del concejo. Con todo, la renuncia que fuere motivada por la postulaci\u00f3n a otro cargo de elecci\u00f3n popular no requerir\u00e1 de acuerdo alguno\u201d.<\/span><\/p>\n<p style=\"font-weight: 400; text-align: center;\"><strong><span style=\"font-style: inherit;\">\u00bfVOTACI\u00d3N SECRETA?<\/span><\/strong><\/p>\n<p style=\"font-weight: 400;\"><span style=\"font-style: inherit; font-weight: inherit;\">Desde la Secretaria Municipal de Vallenar, comentaron que el concejal que tenga mayor\u00eda absoluta (4 votos) asumir\u00e1 como alcalde(sa) titular con todos los derechos y deberes como primera autoridad municipal. Asimismo, informaron que \u201cel concejal podr\u00e1 votar por si mismo para ocupar el cargo\u201d y que la votaci\u00f3n para escoger nuevo alcalde(sa) se realiza en concejo extraordinario que se realizar\u00eda tres d\u00edas h\u00e1biles despu\u00e9s de la renuncia del alcalde Tapia. Una decisi\u00f3n que a\u00fan no esclarecen es si dicha elecci\u00f3n ser\u00e1 de car\u00e1cter p\u00fablico o privado. \u201cEl concejo est\u00e1 dilucidando si es votaci\u00f3n secreta o no\u201d, dijeron. Quien asuma como futuro alcalde(sa), deber\u00e1 continuar en el cargo hasta el pr\u00f3ximo mes de junio de 2021, y el lugar del concejal que asuma como primera autoridad comunal, saldr\u00e1 del segundo que haya obtenido m\u00e1s votos de su lista o pacto en la anterior elecci\u00f3n municipal.<\/span><\/p>\n","protected":false},"excerpt":{"rendered":"<p>A trav\u00e9s de la edici\u00f3n del \u00faltimo bolet\u00edn informativo del municipio, el alcalde de la comuna de Vallenar, Cristi\u00e1n Tapia oficializ\u00f3 su renuncia al cargo&hellip; <\/p>\n","protected":false},"author":2,"featured_media":26045,"comment_status":"open","ping_status":"closed","sticky":false,"template":"","format":"standard","meta":{"footnotes":""},"categories":[38],"tags":[],"class_list":["post-32321","post","type-post","status-publish","format-standard","has-post-thumbnail","hentry","category-portada-regional"],"_links":{"self":[{"href":"https:\/\/www.radioamigavallenar.cl\/index.php?rest_route=\/wp\/v2\/posts\/32321","targetHints":{"allow":["GET"]}}],"collection":[{"href":"https:\/\/www.radioamigavallenar.cl\/index.php?rest_route=\/wp\/v2\/posts"}],"about":[{"href":"https:\/\/www.radioamigavallenar.cl\/index.php?rest_route=\/wp\/v2\/types\/post"}],"author":[{"embeddable":true,"href":"https:\/\/www.radioamigavallenar.cl\/index.php?rest_route=\/wp\/v2\/users\/2"}],"replies":[{"embeddable":true,"href":"https:\/\/www.radioamigavallenar.cl\/index.php?rest_route=%2Fwp%2Fv2%2Fcomments&post=32321"}],"version-history":[{"count":1,"href":"https:\/\/www.radioamigavallenar.cl\/index.php?rest_route=\/wp\/v2\/posts\/32321\/revisions"}],"predecessor-version":[{"id":32322,"href":"https:\/\/www.radioamigavallenar.cl\/index.php?rest_route=\/wp\/v2\/posts\/32321\/revisions\/32322"}],"wp:featuredmedia":[{"embeddable":true,"href":"https:\/\/www.radioamigavallenar.cl\/index.php?rest_route=\/wp\/v2\/media\/26045"}],"wp:attachment":[{"href":"https:\/\/www.radioamigavallenar.cl\/index.php?rest_route=%2Fwp%2Fv2%2Fmedia&parent=32321"}],"wp:term":[{"taxonomy":"category","embeddable":true,"href":"https:\/\/www.radioamigavallenar.cl\/index.php?rest_route=%2Fwp%2Fv2%2Fcategories&post=32321"},{"taxonomy":"post_tag","embeddable":true,"href":"https:\/\/www.radioamigavallenar.cl\/index.php?rest_route=%2Fwp%2Fv2%2Ftags&post=32321"}],"curies":[{"name":"wp","href":"https:\/\/api.w.org\/{rel}","templated":true}]}}