{"id":32318,"date":"2020-11-18T11:33:53","date_gmt":"2020-11-18T14:33:53","guid":{"rendered":"https:\/\/www.radioamigavallenar.cl\/?p=32318"},"modified":"2020-11-18T11:33:53","modified_gmt":"2020-11-18T14:33:53","slug":"rajo-inca-codelco-compromete-medidas-en-acuerdo-con-cde-por-mas-de-us21-millones","status":"publish","type":"post","link":"https:\/\/www.radioamigavallenar.cl\/?p=32318","title":{"rendered":"Rajo Inca: Codelco compromete medidas en acuerdo con CDE por m\u00e1s de US$21 millones"},"content":{"rendered":"<p>Ayer el Tribunal Ambiental conoci\u00f3 detalles del pacto, con el que la estatal asegura que cumple \u201cholgadamente\u201d el posible da\u00f1o provocado en la divisi\u00f3n Salvador.<\/p>\n<p>El Tribunal Ambiental de Antofagasta conoci\u00f3 ayer los detalles del confidencial acuerdo mediante el cual Codelco y el Consejo de Defensa del Estado (CDE) buscan dejar sin efecto la demanda interpuesta por este \u00faltimo organismo en contra de la minera por el supuesto da\u00f1o ambiental producido en la divisi\u00f3n Salvador y que tiene en vilo el futuro de dicho centro de trabajo.<\/p>\n<p>El acuerdo, del cual no se conoc\u00edan detalles hasta ahora, es clave para viabilizar uno de los proyectos estructurales de Codelco, Rajo Inca, cuya inversi\u00f3n supera los US$1.200 millones, y que busca extender en 40 a\u00f1os la vida \u00fatil del yacimiento, ubicado en la Regi\u00f3n de Atacama.<\/p>\n<p>En cuanto al documento, se trata de m\u00e1s de una decena de compromisos adoptados por la Corporaci\u00f3n, los cuales est\u00e1n respaldados por una boleta de garant\u00edas sobre los US$21 millones, que est\u00e1n destinados a reparar los da\u00f1os que acusa el CDE y restablecer las condiciones de base del salar de Pedernales.<\/p>\n<p>Este grupo de acciones incluye estudios de seguimientos, estudios de bioecolog\u00eda, planes de monitoreo y compensaciones ante la p\u00e9rdida de ecosistemas en la zona, adem\u00e1s de la cesi\u00f3n de derechos de agua.<\/p>\n","protected":false},"excerpt":{"rendered":"<p>Ayer el Tribunal Ambiental conoci\u00f3 detalles del pacto, con el que la estatal asegura que cumple \u201cholgadamente\u201d el posible da\u00f1o provocado en la divisi\u00f3n Salvador.&hellip; <\/p>\n","protected":false},"author":2,"featured_media":32319,"comment_status":"open","ping_status":"closed","sticky":false,"template":"","format":"standard","meta":{"footnotes":""},"categories":[34,38],"tags":[],"class_list":["post-32318","post","type-post","status-publish","format-standard","has-post-thumbnail","hentry","category-mineria","category-portada-regional"],"_links":{"self":[{"href":"https:\/\/www.radioamigavallenar.cl\/index.php?rest_route=\/wp\/v2\/posts\/32318","targetHints":{"allow":["GET"]}}],"collection":[{"href":"https:\/\/www.radioamigavallenar.cl\/index.php?rest_route=\/wp\/v2\/posts"}],"about":[{"href":"https:\/\/www.radioamigavallenar.cl\/index.php?rest_route=\/wp\/v2\/types\/post"}],"author":[{"embeddable":true,"href":"https:\/\/www.radioamigavallenar.cl\/index.php?rest_route=\/wp\/v2\/users\/2"}],"replies":[{"embeddable":true,"href":"https:\/\/www.radioamigavallenar.cl\/index.php?rest_route=%2Fwp%2Fv2%2Fcomments&post=32318"}],"version-history":[{"count":1,"href":"https:\/\/www.radioamigavallenar.cl\/index.php?rest_route=\/wp\/v2\/posts\/32318\/revisions"}],"predecessor-version":[{"id":32320,"href":"https:\/\/www.radioamigavallenar.cl\/index.php?rest_route=\/wp\/v2\/posts\/32318\/revisions\/32320"}],"wp:featuredmedia":[{"embeddable":true,"href":"https:\/\/www.radioamigavallenar.cl\/index.php?rest_route=\/wp\/v2\/media\/32319"}],"wp:attachment":[{"href":"https:\/\/www.radioamigavallenar.cl\/index.php?rest_route=%2Fwp%2Fv2%2Fmedia&parent=32318"}],"wp:term":[{"taxonomy":"category","embeddable":true,"href":"https:\/\/www.radioamigavallenar.cl\/index.php?rest_route=%2Fwp%2Fv2%2Fcategories&post=32318"},{"taxonomy":"post_tag","embeddable":true,"href":"https:\/\/www.radioamigavallenar.cl\/index.php?rest_route=%2Fwp%2Fv2%2Ftags&post=32318"}],"curies":[{"name":"wp","href":"https:\/\/api.w.org\/{rel}","templated":true}]}}