{"id":32312,"date":"2020-11-18T10:32:08","date_gmt":"2020-11-18T13:32:08","guid":{"rendered":"https:\/\/www.radioamigavallenar.cl\/?p=32312"},"modified":"2020-11-18T10:32:08","modified_gmt":"2020-11-18T13:32:08","slug":"presidenta-del-senado-es-inaceptable-que-el-gobierno-busque-entrometerse-en-las-decisiones-que-nosotros-tengamos","status":"publish","type":"post","link":"https:\/\/www.radioamigavallenar.cl\/?p=32312","title":{"rendered":"Presidenta del Senado: \u00abEs inaceptable que el Gobierno busque entrometerse en las decisiones que nosotros tengamos\u00bb"},"content":{"rendered":"<p>La senadora Adriana Mu\u00f1oz manifest\u00f3 que las dificultades durante este a\u00f1o en la relaci\u00f3n entre el Presidente Pi\u00f1era y el Congreso han ocurrido \u00abdado que hay un permanente exceso de hiperpresidencialismo\u00bb.<span id=\"more-226190\"><\/span><\/p>\n<p>La presidenta del Senado,\u00a0Adriana Mu\u00f1oz (PPD), sali\u00f3 al paso de las cr\u00edticas realizadas hoy por el\u00a0Presidente Sebasti\u00e1n Pi\u00f1era\u00a0a la labor del Poder Legislativo durante el presente a\u00f1o, en el marco de un encuentro organizado por la Sofofa. El Mandatario manifest\u00f3 que mediante art\u00edculos transitorios, el parlamento\u00a0busca escribir una Constituci\u00f3n paralela sin modificar la Constituci\u00f3n vigente.<\/p>\n<p>La senadora, en contraparte, indic\u00f3 que el Ejecutivo ha intentado<strong>\u00a0\u00abentrometerse\u00bb\u00a0<\/strong>en diversas decisiones que las C\u00e1maras han tomado al alero de la legislaci\u00f3n vigente, debido a un<strong>\u00a0\u00abhiperpresidencialismo\u00bb\u00a0<\/strong>del que estar\u00eda dotado el sistema.<\/p>\n<p><strong>\u00abHemos tenido hartas dificultades durante este a\u00f1o en nuestra relaci\u00f3n con el Presidente de la Rep\u00fablica, en nuestra relaci\u00f3n con el Gobierno, dado que hay un permanente exceso de hiperpresidencialismo\u00bb<\/strong>, manifest\u00f3 la legisladora, agregando que al jefe de Estado \u00able parece que cualquier facultad de la que queramos hacernos cargo de acuerdo a la Constituci\u00f3n y la ley, es una facultad que nos estamos arrogando\u00bb.<\/p>\n<p>Seg\u00fan la senadora, el clima actual entre los dos poderes del estado es de \u00abtensi\u00f3n y conflicto\u00bb, y manifest\u00f3 que \u00abes inaceptable que el Gobierno busque entrometerse en las decisiones que nosotros tengamos al alero de la Constituci\u00f3n, de nuestra ley org\u00e1nica del Congreso y de nuestro reglamento interno\u00bb.<\/p>\n<p>Asimismo, Mu\u00f1oz defendi\u00f3 el trabajo realizado en ambas c\u00e1maras durante el presente a\u00f1o, rechazando las acusaciones de inconstitucionalidad realizadas por Pi\u00f1era.<\/p>\n<p>\u00abTenemos plenas facultades para actuar de acuerdo a la legalidad que nosotros tenemos, no estamos movi\u00e9ndonos ni un \u00e1pice de atribuciones constitucionales que tenemos.\u00a0Yo creo que es lamentable seguir escuchando este maltrato del Gobierno al Parlamento\u00bb, dijo la legisladora, adem\u00e1s de afirmar que al Gobierno \u00abno le gustan los debates que nosotros le damos. Este a\u00f1o ha sido permanentemente el maltrato, y creo que esto provoca tensi\u00f3n que no es buena para la democracia\u00bb.<\/p>\n","protected":false},"excerpt":{"rendered":"<p>La senadora Adriana Mu\u00f1oz manifest\u00f3 que las dificultades durante este a\u00f1o en la relaci\u00f3n entre el Presidente Pi\u00f1era y el Congreso han ocurrido \u00abdado que&hellip; <\/p>\n","protected":false},"author":2,"featured_media":32313,"comment_status":"open","ping_status":"closed","sticky":false,"template":"","format":"standard","meta":{"footnotes":""},"categories":[37],"tags":[],"class_list":["post-32312","post","type-post","status-publish","format-standard","has-post-thumbnail","hentry","category-nacional"],"_links":{"self":[{"href":"https:\/\/www.radioamigavallenar.cl\/index.php?rest_route=\/wp\/v2\/posts\/32312","targetHints":{"allow":["GET"]}}],"collection":[{"href":"https:\/\/www.radioamigavallenar.cl\/index.php?rest_route=\/wp\/v2\/posts"}],"about":[{"href":"https:\/\/www.radioamigavallenar.cl\/index.php?rest_route=\/wp\/v2\/types\/post"}],"author":[{"embeddable":true,"href":"https:\/\/www.radioamigavallenar.cl\/index.php?rest_route=\/wp\/v2\/users\/2"}],"replies":[{"embeddable":true,"href":"https:\/\/www.radioamigavallenar.cl\/index.php?rest_route=%2Fwp%2Fv2%2Fcomments&post=32312"}],"version-history":[{"count":1,"href":"https:\/\/www.radioamigavallenar.cl\/index.php?rest_route=\/wp\/v2\/posts\/32312\/revisions"}],"predecessor-version":[{"id":32314,"href":"https:\/\/www.radioamigavallenar.cl\/index.php?rest_route=\/wp\/v2\/posts\/32312\/revisions\/32314"}],"wp:featuredmedia":[{"embeddable":true,"href":"https:\/\/www.radioamigavallenar.cl\/index.php?rest_route=\/wp\/v2\/media\/32313"}],"wp:attachment":[{"href":"https:\/\/www.radioamigavallenar.cl\/index.php?rest_route=%2Fwp%2Fv2%2Fmedia&parent=32312"}],"wp:term":[{"taxonomy":"category","embeddable":true,"href":"https:\/\/www.radioamigavallenar.cl\/index.php?rest_route=%2Fwp%2Fv2%2Fcategories&post=32312"},{"taxonomy":"post_tag","embeddable":true,"href":"https:\/\/www.radioamigavallenar.cl\/index.php?rest_route=%2Fwp%2Fv2%2Ftags&post=32312"}],"curies":[{"name":"wp","href":"https:\/\/api.w.org\/{rel}","templated":true}]}}