{"id":32309,"date":"2020-11-18T10:30:04","date_gmt":"2020-11-18T13:30:04","guid":{"rendered":"https:\/\/www.radioamigavallenar.cl\/?p=32309"},"modified":"2020-11-18T10:30:04","modified_gmt":"2020-11-18T13:30:04","slug":"pdi-detuvo-a-tres-personas-por-cultivo-y-cosecha-de-cannabis-en-vallenar","status":"publish","type":"post","link":"https:\/\/www.radioamigavallenar.cl\/?p=32309","title":{"rendered":"PDI detuvo a tres personas por Cultivo y Cosecha de Cannabis en Vallenar"},"content":{"rendered":"<h4><strong>Detectives del Grupo Investigativo Microtr\u00e1fico Cero (MT0) de la PDI detuvieron a tres personas, todos mayores de edad<\/strong>\u00a0.<span id=\"more-226206\"><\/span><\/h4>\n<p>Luego de que detectives antinarc\u00f3ticos obtuvieran antecedentes importantes en relaci\u00f3n a una plantaci\u00f3n de cannabis sativa aproximadamente a 60 kil\u00f3metros de Vallenar, tomaron contacto con el fiscal de turno de la ciudad para coordinar diligencias investigativas.<\/p>\n<p>El fiscal a cargo, eman\u00f3 una orden de investigar con la que facult\u00f3 la concurrencia de los detectives al lugar investigado, una vez ah\u00ed, se encontr\u00f3 una plantaci\u00f3n de cannabis en aproximadamente 50 metros cuadrados, con evidencias claras que ya hab\u00edan cosechado parte de la siembra, ya que el lugar abarcaba 80 metros cuadrados en total.<\/p>\n<p>Durante el procedimiento se detuvo a tres personas por el delito de Cultivo y Cosecha de Cannabis Sativa, y se logr\u00f3 incautar 53,51 gramos de Cannabis Sativa procesada, 112 plantas en proceso de crecimiento con un tama\u00f1o aproximado de 70 cent\u00edmetros, elementos utilizados para el cultivo de la droga, una camioneta marca Chevrolet modelo Dmax y $558.000 pesos en dinero de distinta denominaci\u00f3n.<\/p>\n<p>Informados los hechos al fiscal de turno, instruy\u00f3 que los tres imputados fueran puestos a disposici\u00f3n del Juzgado de Garant\u00eda de Vallenar para el control de detenci\u00f3n correspondiente.<\/p>\n","protected":false},"excerpt":{"rendered":"<p>Detectives del Grupo Investigativo Microtr\u00e1fico Cero (MT0) de la PDI detuvieron a tres personas, todos mayores de edad\u00a0. Luego de que detectives antinarc\u00f3ticos obtuvieran antecedentes&hellip; <\/p>\n","protected":false},"author":2,"featured_media":32310,"comment_status":"open","ping_status":"closed","sticky":false,"template":"","format":"standard","meta":{"footnotes":""},"categories":[7,6],"tags":[],"class_list":["post-32309","post","type-post","status-publish","format-standard","has-post-thumbnail","hentry","category-atacama","category-policial"],"_links":{"self":[{"href":"https:\/\/www.radioamigavallenar.cl\/index.php?rest_route=\/wp\/v2\/posts\/32309","targetHints":{"allow":["GET"]}}],"collection":[{"href":"https:\/\/www.radioamigavallenar.cl\/index.php?rest_route=\/wp\/v2\/posts"}],"about":[{"href":"https:\/\/www.radioamigavallenar.cl\/index.php?rest_route=\/wp\/v2\/types\/post"}],"author":[{"embeddable":true,"href":"https:\/\/www.radioamigavallenar.cl\/index.php?rest_route=\/wp\/v2\/users\/2"}],"replies":[{"embeddable":true,"href":"https:\/\/www.radioamigavallenar.cl\/index.php?rest_route=%2Fwp%2Fv2%2Fcomments&post=32309"}],"version-history":[{"count":1,"href":"https:\/\/www.radioamigavallenar.cl\/index.php?rest_route=\/wp\/v2\/posts\/32309\/revisions"}],"predecessor-version":[{"id":32311,"href":"https:\/\/www.radioamigavallenar.cl\/index.php?rest_route=\/wp\/v2\/posts\/32309\/revisions\/32311"}],"wp:featuredmedia":[{"embeddable":true,"href":"https:\/\/www.radioamigavallenar.cl\/index.php?rest_route=\/wp\/v2\/media\/32310"}],"wp:attachment":[{"href":"https:\/\/www.radioamigavallenar.cl\/index.php?rest_route=%2Fwp%2Fv2%2Fmedia&parent=32309"}],"wp:term":[{"taxonomy":"category","embeddable":true,"href":"https:\/\/www.radioamigavallenar.cl\/index.php?rest_route=%2Fwp%2Fv2%2Fcategories&post=32309"},{"taxonomy":"post_tag","embeddable":true,"href":"https:\/\/www.radioamigavallenar.cl\/index.php?rest_route=%2Fwp%2Fv2%2Ftags&post=32309"}],"curies":[{"name":"wp","href":"https:\/\/api.w.org\/{rel}","templated":true}]}}