{"id":32306,"date":"2020-11-18T10:28:36","date_gmt":"2020-11-18T13:28:36","guid":{"rendered":"https:\/\/www.radioamigavallenar.cl\/?p=32306"},"modified":"2020-11-18T10:28:36","modified_gmt":"2020-11-18T13:28:36","slug":"gobierno-prepara-protocolo-para-navidad-y-advierte-mas-restricciones-para-ano-nuevo","status":"publish","type":"post","link":"https:\/\/www.radioamigavallenar.cl\/?p=32306","title":{"rendered":"Gobierno prepara protocolo para Navidad y advierte m\u00e1s restricciones para A\u00f1o Nuevo"},"content":{"rendered":"<p><strong>Para las fiestas de fin de a\u00f1o se repetir\u00edan las medidas del plan \u00abFond\u00e9ate en casa\u00bb usado en Fiestas Patrias, pero para el A\u00f1o Nuevo las prohibiciones ser\u00edan a\u00fan m\u00e1s estrictas.<\/strong><span id=\"more-226158\"><\/span><\/p>\n<p>&nbsp;<\/p>\n<p>El\u00a0Gobierno\u00a0ya comenz\u00f3 a trabajar en protocolos sanitarios de cara a las fiestas de fin de a\u00f1o que se avecinan,\u00a0Navidad y A\u00f1o Nuevo, advirtiendo que en esta \u00faltima fecha\u00a0podr\u00edan haber m\u00e1s restricciones que en la primera.<\/p>\n<p>Se espera que la instancia sea similar al plan\u00a0\u00abFond\u00e9ate en Casa\u00bb\u00a0usado para las\u00a0Fiestas Patrias\u00a0pasadas y que gener\u00f3 buenos resultados para evitar mayores rebrotes.<\/p>\n<p>Enrique Paris, ministro de Salud, explic\u00f3 \u00a0que en Navidad\u00a0<strong>\u00abvamos a tener que mantener ciertas restricciones en cuanto al n\u00famero de invitados en las casas\u00bb<\/strong>, aseverando que los aforos debiesen ser similares a los permitidos para el 18 de septiembre.<\/p>\n<p>Para el secretario de Estado, \u00ab<strong>esto quiere decir que en Navidad deber\u00edan haber aforos de 10 personas en espacios abiertos o cinco invitados m\u00e1ximo en las casas, manteniendo ventilaci\u00f3n, separaci\u00f3n en uso de platos y evitar el picoteo\u00bb.<\/strong><\/p>\n<p>Asimismo, las reuniones familiares se podr\u00edan complicar si se repiten las prohibiciones para viajar entre regiones o a segundas viviendas, tal como ocurri\u00f3 en septiembre pasado<\/p>\n<p>No obstante, Paris enfatiz\u00f3 que\u00a0<strong>para el A\u00f1o Nuevo \u00abes probable que (las medidas) sean a\u00fan m\u00e1s estrictas).<\/strong><\/p>\n","protected":false},"excerpt":{"rendered":"<p>Para las fiestas de fin de a\u00f1o se repetir\u00edan las medidas del plan \u00abFond\u00e9ate en casa\u00bb usado en Fiestas Patrias, pero para el A\u00f1o Nuevo&hellip; <\/p>\n","protected":false},"author":2,"featured_media":32307,"comment_status":"open","ping_status":"closed","sticky":false,"template":"","format":"standard","meta":{"footnotes":""},"categories":[37],"tags":[],"class_list":["post-32306","post","type-post","status-publish","format-standard","has-post-thumbnail","hentry","category-nacional"],"_links":{"self":[{"href":"https:\/\/www.radioamigavallenar.cl\/index.php?rest_route=\/wp\/v2\/posts\/32306","targetHints":{"allow":["GET"]}}],"collection":[{"href":"https:\/\/www.radioamigavallenar.cl\/index.php?rest_route=\/wp\/v2\/posts"}],"about":[{"href":"https:\/\/www.radioamigavallenar.cl\/index.php?rest_route=\/wp\/v2\/types\/post"}],"author":[{"embeddable":true,"href":"https:\/\/www.radioamigavallenar.cl\/index.php?rest_route=\/wp\/v2\/users\/2"}],"replies":[{"embeddable":true,"href":"https:\/\/www.radioamigavallenar.cl\/index.php?rest_route=%2Fwp%2Fv2%2Fcomments&post=32306"}],"version-history":[{"count":1,"href":"https:\/\/www.radioamigavallenar.cl\/index.php?rest_route=\/wp\/v2\/posts\/32306\/revisions"}],"predecessor-version":[{"id":32308,"href":"https:\/\/www.radioamigavallenar.cl\/index.php?rest_route=\/wp\/v2\/posts\/32306\/revisions\/32308"}],"wp:featuredmedia":[{"embeddable":true,"href":"https:\/\/www.radioamigavallenar.cl\/index.php?rest_route=\/wp\/v2\/media\/32307"}],"wp:attachment":[{"href":"https:\/\/www.radioamigavallenar.cl\/index.php?rest_route=%2Fwp%2Fv2%2Fmedia&parent=32306"}],"wp:term":[{"taxonomy":"category","embeddable":true,"href":"https:\/\/www.radioamigavallenar.cl\/index.php?rest_route=%2Fwp%2Fv2%2Fcategories&post=32306"},{"taxonomy":"post_tag","embeddable":true,"href":"https:\/\/www.radioamigavallenar.cl\/index.php?rest_route=%2Fwp%2Fv2%2Ftags&post=32306"}],"curies":[{"name":"wp","href":"https:\/\/api.w.org\/{rel}","templated":true}]}}