{"id":32096,"date":"2020-11-13T08:19:32","date_gmt":"2020-11-13T11:19:32","guid":{"rendered":"https:\/\/www.radioamigavallenar.cl\/?p=32096"},"modified":"2020-11-13T08:19:32","modified_gmt":"2020-11-13T11:19:32","slug":"cut-atacama-envia-carta-a-gobernadora-del-huasco-nelly-galeb-bou","status":"publish","type":"post","link":"https:\/\/www.radioamigavallenar.cl\/?p=32096","title":{"rendered":"CUT Atacama env\u00eda carta a gobernadora del Huasco Nelly Galeb Bou"},"content":{"rendered":"<h1>CUT<\/h1>\n<p>Vallenar, 12 de noviembre, 2020<\/p>\n<p>Se\u00f1ora Nelly Teresa Galeb Bou Gobernadora de la Provincia de Huasco<\/p>\n<p><u>Vallenar<\/u><\/p>\n<p>A un a\u00f1o de la Huelga General del 12 de noviembre convocada por la Central Unitaria de Trabajadores en conjunto con el Bloque Sindical de Unidad Social y a doce meses de la \u00abrevuelta popular, tanto las y los trabajadores organizados como los no sindicalizados a\u00fan siguen esperando respuestas concretas y efectivas a muchas demandas urgentes, expresadas en estas movilizaciones que, sin duda, han sido una de las m\u00e1s multitudinarias y transversales de las \u00faltimas d\u00e9cadas.<\/p>\n<p>Es por eso que estamos tambi\u00e9n convencidos que el \u00abAcuerdo por la Paz y Nueva Constituci\u00f3n\u00bb (sellado esa madrugada del 15 de noviembre, tres d\u00edas despu\u00e9s de la Huelga) no fue fruto de una voluntad genuina por responder a las demandas del pueblo; fue el temor a la capacidad de lucha y unidad de las organizaciones sindicales Io que remeci\u00f3 al Gobierno, a la Clase Pol\u00edtica y Empresarial, pues dej\u00f3 en evidencia la fuerza ascendente del movimiento sindical.<\/p>\n<p>En este presente cruzado por la grave crisis sanitaria, econ\u00f3mica y social generada por la propagaci\u00f3n del COVID-19 en Chile y el mundo, tenemos a una poblaci\u00f3n que ha sobrevivido a la pandemia, mayoritariamente, gracias a la solidaridad del pueblo, con las ollas comunes y acciones comunitarias. Y aunque, desde el Parlamento, se han buscado respuestas, las amenazas de veto han retrasado la ejecuci\u00f3n de pol\u00edticas p\u00fablicas efectivas para paliar -en parte- el impacto de la pandemia en la vida de miles de millones de personas de nuestro pa\u00eds; un ejemplo de ello, es la Tasa de Desempleo que se mantiene en dos d\u00edgitos y los miles de trabajadores(as) que han tenido que solventar sus ingresos a costa de sus propios ahorros (a trav\u00e9s del Seguro de Cesant\u00eda y retiro de fondos de la AFP).<\/p>\n<p>Y sin duda, que saludamos el inicio el camino de -la redacci\u00f3n de una nueva Constituci\u00f3n Pol\u00edtica, la demanda m\u00e1s sentida manifestada en la Huelga General y el estallido social; pero tenemos claridad de que el Proceso Constituyente ser\u00e1 un proceso en disputa, en el cual pondremos toda nuestra energ\u00eda para que el Valor del Trabajo y las garant\u00edas constitucionales para promover el Trabajo Decente \u2014tal cual lo suscribe la Organizaci\u00f3n.<\/p>\n<p>Internacional del Trabajo- cobren cuerpo en la Carta Magna, y poder as\u00ed superar las desigualdades y abusos profundos contra los que se ha rebelado la ciudadan\u00eda. Esa es y ser\u00e1, una tarea de primer orden para la Clase Trabajadora organizada en la CUT Chile.<\/p>\n<p>No obstante, ello, le insistimos se\u00f1ora Gobernadora, que es clave recoger ahora las demandas de vital importancia para sortear la crisis actual, y no solo derivar todos los temas a la espera de la redacci\u00f3n de la nueva Constituci\u00f3n.<\/p>\n<p>Por ello, a un a\u00f1o de la Huelga General, le reiteramos que la crisis no la pueden seguir pagando los trabajadores con sus derechos, ahorro y salud, exigiendo: I Respuesta inmediata al \u00abPliego de los Trabajadores y Trabajadoras de la Salud\u00bb<\/p>\n<p>2.- Retomar el debate del Salario M\u00ednimo sobre \u00abL\u00ednea de la pobreza\u00bb<\/p>\n<p>3.- No avanzar en reformas de pensiones que perpet\u00faen el actual sistema previsional<\/p>\n<p>4.- Permanencia del IFE por la menos los pr\u00f3ximos 6 meses y abrir debate del \u00abImpuesto a los S\u00faper Ricos\u00bb<\/p>\n<p>5.- Demandamos un Presupuesto de la Naci\u00f3n que efectivamente sea \u00abPro Empleo\u00bb<\/p>\n<p>6.- Iniciar a la brevedad el proceso de Negociaci\u00f3n del Sector P\u00fablico<\/p>\n<p>7.- Aprobaci\u00f3n de la ley que suspende el reintegro del Bono Clase Media<\/p>\n<ol start=\"8\">\n<li>Libertad a los presos pol\u00edticos de la revuelta social y reparaci\u00f3n a las v\u00edctimas mutiladas<\/li>\n<\/ol>\n<p>Se\u00f1ora Gobernadora, en el entendido de que usted interceda con el Presidente de la Rep\u00fablica puesto que, es el momento de mostrar nobleza y empat\u00eda, entendiendo la urgencia del cumplimiento de estas demandas. No podemos prorrogarlas m\u00e1s. Ya llegar\u00e1 el momento de encausar los contenidos que quedar\u00e1n reflejados en la Constituci\u00f3n, enfatizando una vez m\u00e1s, que desde la Central Unitaria de Trabajadores, en ella colocaremos todo nuestro esfuerzo en restituir el Valor del Trabajo y de los trabajadores y trabajadoras como agentes fundamentales para los cambios que requiere nuestra naci\u00f3n en aras de lograr una plena democracia con justicia social.<\/p>\n<p style=\"text-align: center;\"><strong>CUT &#8211; CHILE<\/strong><\/p>\n","protected":false},"excerpt":{"rendered":"<p>CUT Vallenar, 12 de noviembre, 2020 Se\u00f1ora Nelly Teresa Galeb Bou Gobernadora de la Provincia de Huasco Vallenar A un a\u00f1o de la Huelga General&hellip; <\/p>\n","protected":false},"author":2,"featured_media":32097,"comment_status":"open","ping_status":"closed","sticky":false,"template":"","format":"standard","meta":{"footnotes":""},"categories":[7],"tags":[],"class_list":["post-32096","post","type-post","status-publish","format-standard","has-post-thumbnail","hentry","category-atacama"],"_links":{"self":[{"href":"https:\/\/www.radioamigavallenar.cl\/index.php?rest_route=\/wp\/v2\/posts\/32096","targetHints":{"allow":["GET"]}}],"collection":[{"href":"https:\/\/www.radioamigavallenar.cl\/index.php?rest_route=\/wp\/v2\/posts"}],"about":[{"href":"https:\/\/www.radioamigavallenar.cl\/index.php?rest_route=\/wp\/v2\/types\/post"}],"author":[{"embeddable":true,"href":"https:\/\/www.radioamigavallenar.cl\/index.php?rest_route=\/wp\/v2\/users\/2"}],"replies":[{"embeddable":true,"href":"https:\/\/www.radioamigavallenar.cl\/index.php?rest_route=%2Fwp%2Fv2%2Fcomments&post=32096"}],"version-history":[{"count":1,"href":"https:\/\/www.radioamigavallenar.cl\/index.php?rest_route=\/wp\/v2\/posts\/32096\/revisions"}],"predecessor-version":[{"id":32098,"href":"https:\/\/www.radioamigavallenar.cl\/index.php?rest_route=\/wp\/v2\/posts\/32096\/revisions\/32098"}],"wp:featuredmedia":[{"embeddable":true,"href":"https:\/\/www.radioamigavallenar.cl\/index.php?rest_route=\/wp\/v2\/media\/32097"}],"wp:attachment":[{"href":"https:\/\/www.radioamigavallenar.cl\/index.php?rest_route=%2Fwp%2Fv2%2Fmedia&parent=32096"}],"wp:term":[{"taxonomy":"category","embeddable":true,"href":"https:\/\/www.radioamigavallenar.cl\/index.php?rest_route=%2Fwp%2Fv2%2Fcategories&post=32096"},{"taxonomy":"post_tag","embeddable":true,"href":"https:\/\/www.radioamigavallenar.cl\/index.php?rest_route=%2Fwp%2Fv2%2Ftags&post=32096"}],"curies":[{"name":"wp","href":"https:\/\/api.w.org\/{rel}","templated":true}]}}