{"id":32092,"date":"2020-11-13T06:00:14","date_gmt":"2020-11-13T09:00:14","guid":{"rendered":"https:\/\/www.radioamigavallenar.cl\/?p=32092"},"modified":"2020-11-12T22:05:22","modified_gmt":"2020-11-13T01:05:22","slug":"gobernadora-nelly-galeb-destaca-puesta-en-marcha-de-programa-de-atencion-juridica-destinada-a-los-adultos-mayores","status":"publish","type":"post","link":"https:\/\/www.radioamigavallenar.cl\/?p=32092","title":{"rendered":"Gobernadora Nelly Galeb destaca puesta en marcha de Programa de atenci\u00f3n jur\u00eddica destinada a los adultos mayores."},"content":{"rendered":"<p>Esta semana, el Gobierno dio a conocer los alcances de un nuevo programa de acci\u00f3n social destinado a los adultos mayores. Se trata del Programa de Atenci\u00f3n Jur\u00eddica especializada y gratuita\u00a0 para adultos mayores, con cobertura en todo el pa\u00eds.<\/p>\n<p>La iniciativa fue dada a conocer esta semana, en un acto en el que estuvieron presentes; la Primera Dama Cecilia Morel, quien lidera el programa \u201cAdulto Mejor\u201d, junto al ministro de Justicia y Derechos Humanos, Hern\u00e1n Larra\u00edn; al director nacional de SENAMA, Octavio Vergara, y otras autoridades.<\/p>\n<p>En Chile, uno de los \u00e1mbitos m\u00e1s preocupantes en nuestra sociedad tiene que ver con situaciones de abuso, maltrato, violencia y\/o vulneraci\u00f3n de derechos hacia las personas mayores, entre otros temas. Los estudios latinoamericanos revelan cifras por sobre 30% de maltrato a personas mayores (Daichman y Quiroga, 2002), porcentaje que al que Chile tambi\u00e9n se acerca seg\u00fan SENAMA.<\/p>\n<p>Al respecto la Gobernadora del Huasco, Nelly Galeb quien ha desarrollado un interesante trabajo de acercamiento con las organizaciones de adultos mayores, valor\u00f3 la medida reafirmando lo que al respecto ha destacado la Primera Dama Cecilia Morel \u201cNuestra gente mayor sin duda que constituyen una de las prioridades en la gesti\u00f3n que lleva adelante el Gobierno del Presidente P\u00ed\u00f1era, el buen trato para con el adulto mayor es algo esencial y b\u00e1sico en toda sociedad, por ello toda medida que apunte en la necesidad un mejor trato hacia ellos ser\u00e1 un gran avance para lograr la dignidad que se merecen\u201d.<\/p>\n<p>El programa de atenci\u00f3n jur\u00eddica es coordinado por el \u201cDefensor Mayor\u201d de SENAMA, que la deriva a una dupla socio jur\u00eddica de la CAJ, compuesta por un abogado y un asistente social, quienes brindan representaci\u00f3n entregando una atenci\u00f3n especializada y multidisciplinaria.\u00a0\u00a0 Dicho programa est\u00e1 instalado en todas las capitales regionales del pa\u00eds.<\/p>\n<p>Para acceder al \u201cDefensor Mayor\u201d se debe llamar, en forma gratuita, al tel\u00e9fono 800400035. El \u201cDefensor Mayor\u201d tiene como objetivo entregar orientaci\u00f3n y colaboraci\u00f3n a personas de la tercera edad frente a situaciones de abuso, maltrato, violencia u otra vulneraci\u00f3n de sus derechos, como derivaci\u00f3n a redes intersectoriales.<\/p>\n<p>A trav\u00e9s del Fono Mayor de SENAMA, las personas mayores podr\u00e1n acceder a esta atenci\u00f3n que busca resguardar los derechos de las personas mayores ante diversos tipos de vulnerabilidades.<\/p>\n","protected":false},"excerpt":{"rendered":"<p>Esta semana, el Gobierno dio a conocer los alcances de un nuevo programa de acci\u00f3n social destinado a los adultos mayores. Se trata del Programa&hellip; <\/p>\n","protected":false},"author":2,"featured_media":32093,"comment_status":"open","ping_status":"closed","sticky":false,"template":"","format":"standard","meta":{"footnotes":""},"categories":[38],"tags":[],"class_list":["post-32092","post","type-post","status-publish","format-standard","has-post-thumbnail","hentry","category-portada-regional"],"_links":{"self":[{"href":"https:\/\/www.radioamigavallenar.cl\/index.php?rest_route=\/wp\/v2\/posts\/32092","targetHints":{"allow":["GET"]}}],"collection":[{"href":"https:\/\/www.radioamigavallenar.cl\/index.php?rest_route=\/wp\/v2\/posts"}],"about":[{"href":"https:\/\/www.radioamigavallenar.cl\/index.php?rest_route=\/wp\/v2\/types\/post"}],"author":[{"embeddable":true,"href":"https:\/\/www.radioamigavallenar.cl\/index.php?rest_route=\/wp\/v2\/users\/2"}],"replies":[{"embeddable":true,"href":"https:\/\/www.radioamigavallenar.cl\/index.php?rest_route=%2Fwp%2Fv2%2Fcomments&post=32092"}],"version-history":[{"count":1,"href":"https:\/\/www.radioamigavallenar.cl\/index.php?rest_route=\/wp\/v2\/posts\/32092\/revisions"}],"predecessor-version":[{"id":32094,"href":"https:\/\/www.radioamigavallenar.cl\/index.php?rest_route=\/wp\/v2\/posts\/32092\/revisions\/32094"}],"wp:featuredmedia":[{"embeddable":true,"href":"https:\/\/www.radioamigavallenar.cl\/index.php?rest_route=\/wp\/v2\/media\/32093"}],"wp:attachment":[{"href":"https:\/\/www.radioamigavallenar.cl\/index.php?rest_route=%2Fwp%2Fv2%2Fmedia&parent=32092"}],"wp:term":[{"taxonomy":"category","embeddable":true,"href":"https:\/\/www.radioamigavallenar.cl\/index.php?rest_route=%2Fwp%2Fv2%2Fcategories&post=32092"},{"taxonomy":"post_tag","embeddable":true,"href":"https:\/\/www.radioamigavallenar.cl\/index.php?rest_route=%2Fwp%2Fv2%2Ftags&post=32092"}],"curies":[{"name":"wp","href":"https:\/\/api.w.org\/{rel}","templated":true}]}}