{"id":32086,"date":"2020-11-13T06:00:40","date_gmt":"2020-11-13T09:00:40","guid":{"rendered":"https:\/\/www.radioamigavallenar.cl\/?p=32086"},"modified":"2020-11-12T22:01:36","modified_gmt":"2020-11-13T01:01:36","slug":"en-sename-sanitizan-oficinas-con-equipos-de-alta-tecnologia-en-la-region","status":"publish","type":"post","link":"https:\/\/www.radioamigavallenar.cl\/?p=32086","title":{"rendered":"En Sename sanitizan oficinas con equipos de alta tecnolog\u00eda en la regi\u00f3n"},"content":{"rendered":"<p>La \u00faltima desinfecci\u00f3n de las dependencias de la direcci\u00f3n regional del Servicio Nacional de Menores (Sename) fue efectuada por la empresa local Santa Rosa Clean, la cual ha implementado tecnolog\u00eda de punta para realizar el procedimiento bajo todas las normas sanitarias establecidas.<\/p>\n<p>La sanitizaci\u00f3n de las oficinas se hizo mediante nebulizadores ULV que impregn\u00f3 el \u00e1rea con sanitizante sin mojar las superficies, asimismo, se usaron termonebulizadores que eliminaron el 99,9% de virus y bacterias, con un alto alcance, llegando a los rincones mas escondidos y donde circula mayor afluencia de personas. Todo este procedimiento se efect\u00faa con el objetivo de resguardar la salud de usuarios y usuarias que asisten a la Oficina de Informaci\u00f3n, Reclamos y Sugerencias (O.I.R.S.) y tambi\u00e9n de todos los funcionarios y funcionarias de la direcci\u00f3n regional que asisten, en sistema de turnos, a trabajar de manera presencial.<\/p>\n<p>Seg\u00fan, el representante de la empresa Santa Rosa Clean, Alejandro Olave, el equipo genera una niebla fr\u00eda formada por peque\u00f1as gotas entre 5-50 micras, que cumple la funci\u00f3n de impregnar el \u00e1rea con una especie de pulverizaci\u00f3n fina, que permite un proceso mediante un nebulizador t\u00e9rmico. \u201cEsta desinfecci\u00f3n no es t\u00f3xica y no da\u00f1a superficies. Ahora que la ciudad est\u00e1 en fase 3 hacemos estos procedimientos con mayor frecuencia. Nos comprometemos con atenci\u00f3n 24\/7 con entrega inmediata de certificados quedando el respaldo inmediatamente en los solicitantes\u201d, asegur\u00f3.<\/p>\n<p>Asimismo, la directora de Sename Atacama, Carolina Cort\u00e9s, manifest\u00f3 que, en esta fase, en que aumenta la presencia de usuarios y personal, es imperioso mantener las instalaciones laborales completamente sanitizadas. \u201cNos preocupa tener todo cubierto y evitar que el virus se propague en las dependencias institucionales. Tenemos que procurar y garantizar un espacio seguro para el p\u00fablico y funcionarios\/as y que cumpla con todas las medidas exigidas por el Plan Coronavirus implementado por nuestro servicio a nivel nacional\u201d, culmin\u00f3.<\/p>\n","protected":false},"excerpt":{"rendered":"<p>La \u00faltima desinfecci\u00f3n de las dependencias de la direcci\u00f3n regional del Servicio Nacional de Menores (Sename) fue efectuada por la empresa local Santa Rosa Clean,&hellip; <\/p>\n","protected":false},"author":2,"featured_media":32087,"comment_status":"open","ping_status":"closed","sticky":false,"template":"","format":"standard","meta":{"footnotes":""},"categories":[7],"tags":[],"class_list":["post-32086","post","type-post","status-publish","format-standard","has-post-thumbnail","hentry","category-atacama"],"_links":{"self":[{"href":"https:\/\/www.radioamigavallenar.cl\/index.php?rest_route=\/wp\/v2\/posts\/32086","targetHints":{"allow":["GET"]}}],"collection":[{"href":"https:\/\/www.radioamigavallenar.cl\/index.php?rest_route=\/wp\/v2\/posts"}],"about":[{"href":"https:\/\/www.radioamigavallenar.cl\/index.php?rest_route=\/wp\/v2\/types\/post"}],"author":[{"embeddable":true,"href":"https:\/\/www.radioamigavallenar.cl\/index.php?rest_route=\/wp\/v2\/users\/2"}],"replies":[{"embeddable":true,"href":"https:\/\/www.radioamigavallenar.cl\/index.php?rest_route=%2Fwp%2Fv2%2Fcomments&post=32086"}],"version-history":[{"count":1,"href":"https:\/\/www.radioamigavallenar.cl\/index.php?rest_route=\/wp\/v2\/posts\/32086\/revisions"}],"predecessor-version":[{"id":32088,"href":"https:\/\/www.radioamigavallenar.cl\/index.php?rest_route=\/wp\/v2\/posts\/32086\/revisions\/32088"}],"wp:featuredmedia":[{"embeddable":true,"href":"https:\/\/www.radioamigavallenar.cl\/index.php?rest_route=\/wp\/v2\/media\/32087"}],"wp:attachment":[{"href":"https:\/\/www.radioamigavallenar.cl\/index.php?rest_route=%2Fwp%2Fv2%2Fmedia&parent=32086"}],"wp:term":[{"taxonomy":"category","embeddable":true,"href":"https:\/\/www.radioamigavallenar.cl\/index.php?rest_route=%2Fwp%2Fv2%2Fcategories&post=32086"},{"taxonomy":"post_tag","embeddable":true,"href":"https:\/\/www.radioamigavallenar.cl\/index.php?rest_route=%2Fwp%2Fv2%2Ftags&post=32086"}],"curies":[{"name":"wp","href":"https:\/\/api.w.org\/{rel}","templated":true}]}}