{"id":32080,"date":"2020-11-13T06:00:10","date_gmt":"2020-11-13T09:00:10","guid":{"rendered":"https:\/\/www.radioamigavallenar.cl\/?p=32080"},"modified":"2020-11-12T21:57:37","modified_gmt":"2020-11-13T00:57:37","slug":"proyecto-de-ley-apunta-a-prorrogar-tiempo-de-funciones-de-un-administrador-provisional-en-pandemia","status":"publish","type":"post","link":"https:\/\/www.radioamigavallenar.cl\/?p=32080","title":{"rendered":"Proyecto de ley apunta a prorrogar tiempo de funciones de un administrador provisional en pandemia"},"content":{"rendered":"<p>Los diputados de oposici\u00f3n de la Comisi\u00f3n de Educaci\u00f3n, Cristina Girardi (PPD) y Juan Santana (PS) \u00a0presentaron una proyecto de ley que busca prorrogar el tiempo que tiene \u00a0un administrador provisional en su ejercicio, con la finalidad de dar continuidad al servicio educativo, para que los colegios puedan continuar con su ense\u00f1anza sin complicaciones de abandono, como ha sucedido en reiteradas ocasiones.<\/p>\n<p>En su idea matriz, la iniciativa apunta a facultar a los administradores provisionales que durante la vigencia del estado de excepci\u00f3n constitucional se hayan encontrado en ejercicio de sus funciones, puedan prorrogar sus cargos por un per\u00edodo adicional, atendidas las dificultades que la pandemia ha generado para un correcto desempe\u00f1o de sus facultades.<\/p>\n<p>La diputada Cristina Girardi, una de las autoras del proyecto remarc\u00f3 que \u201cbuscamos que la figura del administrador provisional en educaci\u00f3n no tenga un plazo acotado como tiene ahora, que es solo el a\u00f1o escolar en curso o con una pr\u00f3rroga. Hoy en d\u00eda si no se han solucionado los problemas, el Estado se retira, abandonando a las comunidades escolares y hay que cambiar aquello\u201d.<\/p>\n<p>\u201cDebemos proteger los derechos a la educaci\u00f3n. Los ni\u00f1os quedan sin el proyecto educativo, sin el espacio donde realmente ten\u00edan que formarse y educarse. Hoy el Estado se retira, no resuelve, abandona y eso es lo que tenemos que reparar y para eso presentamos este proyecto para prorrogar la Figuera y el ejercicio del administrador provisional\u201d, complement\u00f3.<\/p>\n<p>Por su parte, \u00a0el diputado y presidente de la Comisi\u00f3n de Educaci\u00f3n, Juan Santana, sostuvo que \u201cla figura del administrador provisional tiene por objeto facilitar la gesti\u00f3n de establecimientos educacionales que por diversas razones se encuentran con dificultades. Claramente la pandemia ha imposibilitado que se cumplan estas gestiones de administraci\u00f3n con facilidad, lo que de no subsanarse puede llevar al cierre de algunas escuelas\u201d.<\/p>\n<p>\u201cNos preocupa lo que pueda pasar con los estudiantes y trabajadores que han sacado adelante estas escuelas con problemas de funcionamiento. Ac\u00e1 la prioridad es garantizar la continuidad de las trayectorias educativas y entregar la flexibilidad para mantener el curso de los proyectos educativos\u201d, agreg\u00f3.<\/p>\n<p>El proyecto de ley cuenta con las firmas de Cristina Girardi (PPD), Juan Santana (PS), Camila Rojas (Comunes), Camila Vallejo (PD), Mario Venegas (DC), Gonzalo Winter (CS), \u00a0Loreto Carvajal (PPD) y Jorge Sabag (DC).<\/p>\n","protected":false},"excerpt":{"rendered":"<p>Los diputados de oposici\u00f3n de la Comisi\u00f3n de Educaci\u00f3n, Cristina Girardi (PPD) y Juan Santana (PS) \u00a0presentaron una proyecto de ley que busca prorrogar el&hellip; <\/p>\n","protected":false},"author":2,"featured_media":32081,"comment_status":"open","ping_status":"closed","sticky":false,"template":"","format":"standard","meta":{"footnotes":""},"categories":[7],"tags":[],"class_list":["post-32080","post","type-post","status-publish","format-standard","has-post-thumbnail","hentry","category-atacama"],"_links":{"self":[{"href":"https:\/\/www.radioamigavallenar.cl\/index.php?rest_route=\/wp\/v2\/posts\/32080","targetHints":{"allow":["GET"]}}],"collection":[{"href":"https:\/\/www.radioamigavallenar.cl\/index.php?rest_route=\/wp\/v2\/posts"}],"about":[{"href":"https:\/\/www.radioamigavallenar.cl\/index.php?rest_route=\/wp\/v2\/types\/post"}],"author":[{"embeddable":true,"href":"https:\/\/www.radioamigavallenar.cl\/index.php?rest_route=\/wp\/v2\/users\/2"}],"replies":[{"embeddable":true,"href":"https:\/\/www.radioamigavallenar.cl\/index.php?rest_route=%2Fwp%2Fv2%2Fcomments&post=32080"}],"version-history":[{"count":1,"href":"https:\/\/www.radioamigavallenar.cl\/index.php?rest_route=\/wp\/v2\/posts\/32080\/revisions"}],"predecessor-version":[{"id":32082,"href":"https:\/\/www.radioamigavallenar.cl\/index.php?rest_route=\/wp\/v2\/posts\/32080\/revisions\/32082"}],"wp:featuredmedia":[{"embeddable":true,"href":"https:\/\/www.radioamigavallenar.cl\/index.php?rest_route=\/wp\/v2\/media\/32081"}],"wp:attachment":[{"href":"https:\/\/www.radioamigavallenar.cl\/index.php?rest_route=%2Fwp%2Fv2%2Fmedia&parent=32080"}],"wp:term":[{"taxonomy":"category","embeddable":true,"href":"https:\/\/www.radioamigavallenar.cl\/index.php?rest_route=%2Fwp%2Fv2%2Fcategories&post=32080"},{"taxonomy":"post_tag","embeddable":true,"href":"https:\/\/www.radioamigavallenar.cl\/index.php?rest_route=%2Fwp%2Fv2%2Ftags&post=32080"}],"curies":[{"name":"wp","href":"https:\/\/api.w.org\/{rel}","templated":true}]}}