{"id":32077,"date":"2020-11-13T06:00:59","date_gmt":"2020-11-13T09:00:59","guid":{"rendered":"https:\/\/www.radioamigavallenar.cl\/?p=32077"},"modified":"2020-11-12T21:56:07","modified_gmt":"2020-11-13T00:56:07","slug":"ultima-semana-para-postular-a-los-beneficios-estudiantiles-para-la-educacion-superior-2021","status":"publish","type":"post","link":"https:\/\/www.radioamigavallenar.cl\/?p=32077","title":{"rendered":"\u00daltima semana para postular a los Beneficios Estudiantiles para la Educaci\u00f3n Superior 2021"},"content":{"rendered":"<p>M\u00e1s de 216 mil j\u00f3venes ya han completado su postulaci\u00f3n a la gratuidad, becas y\/o cr\u00e9ditos para la Educaci\u00f3n Superior 2021. El proceso que comenz\u00f3 el 20 de octubre a\u00fan sigue en curso y termina en una semana, a las 14:00 horas del pr\u00f3ximo martes 17 de noviembre. As\u00ed, los estudiantes que quieran ingresar a centros de formaci\u00f3n t\u00e9cnica, institutos profesionales o universidades, y aquellos que ya est\u00e1n cursando una carrera y no cuentan con ayudas estudiantiles, a\u00fan tienen tiempo para completar el Formulario \u00danico de Acreditaci\u00f3n Socioecon\u00f3mica (FUAS) en\u00a0<a href=\"http:\/\/www.fuas.cl\/\">www.fuas.cl<\/a>\u00a0y postular a todos los beneficios estudiantiles del Estado.<\/p>\n<p>Cabe destacar que este a\u00f1o, m\u00e1s de 792 mil j\u00f3venes cuenta con un beneficio del Estado para cursar sus estudios, lo que representa a dos de cada tres j\u00f3venes matriculados en carreras de pregrado.<\/p>\n<p>Al postular al FUAS, los estudiantes podr\u00e1n optar a los siguientes beneficios: Gratuidad, Beca Nuevo Milenio, Beca Bicentenario, Beca Juan G\u00f3mez Millas, Beca Juan G\u00f3mez Millas Extranjeros, Beca Excelencia T\u00e9cnica, Beca Excelencia Acad\u00e9mica, Beca Puntaje Prueba de Transici\u00f3n Admisi\u00f3n Universitaria, Beca para Hijos de Profesionales de la Educaci\u00f3n, Beca de Articulaci\u00f3n, Beca para Estudiantes en Situaci\u00f3n de Discapacidad, Beca Continuidad de Estudios para Instituciones en Cierre, Beca de Alimentaci\u00f3n para la Educaci\u00f3n Superior (JUNAEB), Fondo Solidario de Cr\u00e9dito Universitario, y Cr\u00e9dito con Garant\u00eda Estatal (CAE).<\/p>\n<p>Adem\u00e1s, en el mismo sitio hay otros formularios que permiten optar a las Becas Vocaci\u00f3n de Profesor y a las Becas de Reparaci\u00f3n, por lo que en total los j\u00f3venes pueden postular a 19 beneficios estudiantiles del Estado.<\/p>\n<p>\u201cA la fecha, ya se han inscrito m\u00e1s de 216 mil personas, pero sabemos que hay muchos que a\u00fan no concluyen el proceso y por eso hacemos un nuevo llamado a todos los j\u00f3venes que a\u00fan no han postulado, a ingresar a\u00a0<a href=\"http:\/\/www.fuas.cl\/\">www.fuas.cl<\/a>\u00a0y completar el formulario online. No queremos que nadie se quede fuera de este proceso\u201d, destac\u00f3 el Subsecretario de Educaci\u00f3n Superior, Juan Eduardo Vargas.<\/p>\n<p>Por su parte, la seremi Silvia \u00c1lvarez Matthews, inform\u00f3 que \u201cen nuestra regi\u00f3n, llevamos a la fecha 3 mil 302 inscritos.\u00a0 Como Gobierno estamos comprometidos para que ning\u00fan joven con talento y ganas de estudiar se quede fuera de la educaci\u00f3n superior por motivos econ\u00f3micos, por eso la invitaci\u00f3n es postular a las 19 ayudas estatales con tiempo e iniciar el proceso 2021 para cumplir el sue\u00f1o de seguir sus estudios superiores.<\/p>\n<p>Para apoyar el proceso de postulaci\u00f3n, el Ministerio de Educaci\u00f3n tiene disponible una red de informaci\u00f3n en los portales del Mineduc, sus redes sociales y el Call Center de Ayuda Mineduc 600 600 26 26.<\/p>\n","protected":false},"excerpt":{"rendered":"<p>M\u00e1s de 216 mil j\u00f3venes ya han completado su postulaci\u00f3n a la gratuidad, becas y\/o cr\u00e9ditos para la Educaci\u00f3n Superior 2021. El proceso que comenz\u00f3&hellip; <\/p>\n","protected":false},"author":2,"featured_media":32078,"comment_status":"open","ping_status":"closed","sticky":false,"template":"","format":"standard","meta":{"footnotes":""},"categories":[7],"tags":[],"class_list":["post-32077","post","type-post","status-publish","format-standard","has-post-thumbnail","hentry","category-atacama"],"_links":{"self":[{"href":"https:\/\/www.radioamigavallenar.cl\/index.php?rest_route=\/wp\/v2\/posts\/32077","targetHints":{"allow":["GET"]}}],"collection":[{"href":"https:\/\/www.radioamigavallenar.cl\/index.php?rest_route=\/wp\/v2\/posts"}],"about":[{"href":"https:\/\/www.radioamigavallenar.cl\/index.php?rest_route=\/wp\/v2\/types\/post"}],"author":[{"embeddable":true,"href":"https:\/\/www.radioamigavallenar.cl\/index.php?rest_route=\/wp\/v2\/users\/2"}],"replies":[{"embeddable":true,"href":"https:\/\/www.radioamigavallenar.cl\/index.php?rest_route=%2Fwp%2Fv2%2Fcomments&post=32077"}],"version-history":[{"count":1,"href":"https:\/\/www.radioamigavallenar.cl\/index.php?rest_route=\/wp\/v2\/posts\/32077\/revisions"}],"predecessor-version":[{"id":32079,"href":"https:\/\/www.radioamigavallenar.cl\/index.php?rest_route=\/wp\/v2\/posts\/32077\/revisions\/32079"}],"wp:featuredmedia":[{"embeddable":true,"href":"https:\/\/www.radioamigavallenar.cl\/index.php?rest_route=\/wp\/v2\/media\/32078"}],"wp:attachment":[{"href":"https:\/\/www.radioamigavallenar.cl\/index.php?rest_route=%2Fwp%2Fv2%2Fmedia&parent=32077"}],"wp:term":[{"taxonomy":"category","embeddable":true,"href":"https:\/\/www.radioamigavallenar.cl\/index.php?rest_route=%2Fwp%2Fv2%2Fcategories&post=32077"},{"taxonomy":"post_tag","embeddable":true,"href":"https:\/\/www.radioamigavallenar.cl\/index.php?rest_route=%2Fwp%2Fv2%2Ftags&post=32077"}],"curies":[{"name":"wp","href":"https:\/\/api.w.org\/{rel}","templated":true}]}}