{"id":32074,"date":"2020-11-13T06:00:10","date_gmt":"2020-11-13T09:00:10","guid":{"rendered":"https:\/\/www.radioamigavallenar.cl\/?p=32074"},"modified":"2020-11-12T21:54:31","modified_gmt":"2020-11-13T00:54:31","slug":"enami-aborda-en-expomin-2020-oportunidades-de-negocio-para-proveedores-mineros","status":"publish","type":"post","link":"https:\/\/www.radioamigavallenar.cl\/?p=32074","title":{"rendered":"Enami aborda en Expomin 2020 oportunidades de negocio para proveedores mineros"},"content":{"rendered":"<p>La presentaci\u00f3n de su cartera de inversi\u00f3n en ejecuci\u00f3n y en estudio para los pr\u00f3ximos a\u00f1os con foco en 2021, marc\u00f3 la participaci\u00f3n de la Empresa Nacional de Miner\u00eda \u2013 ENAMI en la versi\u00f3n virtual de Expomin 2020 que, por primera vez a causa de la pandemia, se desarrolla online para mantener el intercambio de conocimientos y generaci\u00f3n de oportunidades de negocios hasta la versi\u00f3n presencial de la feria, entre el 19 y el 23 de abril de 2021.<\/p>\n<p>\u201cComo todas las empresas, ENAMI tambi\u00e9n se ha viso expuesta a los efectos de la pandemia. Una consecuencia de ello fue la necesidad de ajustar nuestro presupuesto de inversi\u00f3n contribuyendo as\u00ed a la viabilidad econ\u00f3mica de nuestra actividad de fomento de la miner\u00eda de menor escala con un presupuesto de USD19 millones para iniciativas tanto de ingenier\u00edas como inversional\u201d, detall\u00f3 Jos\u00e9 Andr\u00e9s Herrera, gerente de Proyectos de la estatal, durante su presentaci\u00f3n en el panel \u201cOportunidades en proyectos de cobre\u201d, donde tambi\u00e9n Codelco, Teck, Minera Valle Central y AMSA expusieron sus desarrollos a mediano plazo.<\/p>\n<p>Al respecto, Herrera destac\u00f3 que ENAMI mantiene un fuerte foco en proyectos de continuidad y mejora operacional vinculados a dep\u00f3sitos de relaves y ripios en las faenas de la empresa; e iniciativas asociadas a una operaci\u00f3n cada vez m\u00e1s sustentable de la Fundici\u00f3n Hern\u00e1n Videla Lira localizada en Atacama; procesos que abrir\u00edan sus correspondientes licitaciones a principios de 2021.<\/p>\n<p>Con su presencia en Expomin Virtual 2020, ENAMI se suma a una red de 13 seminarios con m\u00e1s de 70 panelistas reunidos para analizar los temas claves de la industria minera para el desarrollo del sector en el pa\u00eds y las lecciones aprendidas a ra\u00edz de la crisis sanitaria gatillada por el Covid-19.<\/p>\n<p>En esa l\u00ednea, en el panel \u201cLitio y Cobalto: perspectivas y desaf\u00edos tecnol\u00f3gicos\u201d que brind\u00f3 el estado de los desaf\u00edos que ofrecen ambos minerales en territorio nacional, Robert Mayne-Nicholls, vicepresidente ejecutivo de la estatal, destac\u00f3 que ENAMI busca explorar el negocio de la miner\u00eda no met\u00e1lica de una forma sustentable. \u201cComo empresa hemos definido que nuestro ingreso al mercado de litio tenemos que realizarlo de una manera distinta, esto nos desaf\u00eda a innovar en mecanismos a\u00fan m\u00e1s sustentables y responsables con el medio ambiente. Por ello, a trav\u00e9s del proceso de licitaci\u00f3n p\u00fablica que lanzamos este a\u00f1o para la prospecci\u00f3n hidrogeol\u00f3gica en los salares Infieles y Aguilar, buscamos tambi\u00e9n realizar un levantamiento de los aspectos ambientales y de stakeholders que podr\u00edan verse relacionados en el desarrollo futuro de un proyecto de explotaci\u00f3n en la zona de nuestros salares\u201d, explic\u00f3.<\/p>\n","protected":false},"excerpt":{"rendered":"<p>La presentaci\u00f3n de su cartera de inversi\u00f3n en ejecuci\u00f3n y en estudio para los pr\u00f3ximos a\u00f1os con foco en 2021, marc\u00f3 la participaci\u00f3n de la&hellip; <\/p>\n","protected":false},"author":2,"featured_media":32075,"comment_status":"open","ping_status":"closed","sticky":false,"template":"","format":"standard","meta":{"footnotes":""},"categories":[34,37],"tags":[],"class_list":["post-32074","post","type-post","status-publish","format-standard","has-post-thumbnail","hentry","category-mineria","category-nacional"],"_links":{"self":[{"href":"https:\/\/www.radioamigavallenar.cl\/index.php?rest_route=\/wp\/v2\/posts\/32074","targetHints":{"allow":["GET"]}}],"collection":[{"href":"https:\/\/www.radioamigavallenar.cl\/index.php?rest_route=\/wp\/v2\/posts"}],"about":[{"href":"https:\/\/www.radioamigavallenar.cl\/index.php?rest_route=\/wp\/v2\/types\/post"}],"author":[{"embeddable":true,"href":"https:\/\/www.radioamigavallenar.cl\/index.php?rest_route=\/wp\/v2\/users\/2"}],"replies":[{"embeddable":true,"href":"https:\/\/www.radioamigavallenar.cl\/index.php?rest_route=%2Fwp%2Fv2%2Fcomments&post=32074"}],"version-history":[{"count":1,"href":"https:\/\/www.radioamigavallenar.cl\/index.php?rest_route=\/wp\/v2\/posts\/32074\/revisions"}],"predecessor-version":[{"id":32076,"href":"https:\/\/www.radioamigavallenar.cl\/index.php?rest_route=\/wp\/v2\/posts\/32074\/revisions\/32076"}],"wp:featuredmedia":[{"embeddable":true,"href":"https:\/\/www.radioamigavallenar.cl\/index.php?rest_route=\/wp\/v2\/media\/32075"}],"wp:attachment":[{"href":"https:\/\/www.radioamigavallenar.cl\/index.php?rest_route=%2Fwp%2Fv2%2Fmedia&parent=32074"}],"wp:term":[{"taxonomy":"category","embeddable":true,"href":"https:\/\/www.radioamigavallenar.cl\/index.php?rest_route=%2Fwp%2Fv2%2Fcategories&post=32074"},{"taxonomy":"post_tag","embeddable":true,"href":"https:\/\/www.radioamigavallenar.cl\/index.php?rest_route=%2Fwp%2Fv2%2Ftags&post=32074"}],"curies":[{"name":"wp","href":"https:\/\/api.w.org\/{rel}","templated":true}]}}