{"id":32071,"date":"2020-11-13T06:00:56","date_gmt":"2020-11-13T09:00:56","guid":{"rendered":"https:\/\/www.radioamigavallenar.cl\/?p=32071"},"modified":"2020-11-12T21:53:04","modified_gmt":"2020-11-13T00:53:04","slug":"mas-de-25-millones-de-clientes-bancoestado-y-claro-podran-navegar-en-forma-gratuita-por-internet-para-hacer-transacciones-bancarias","status":"publish","type":"post","link":"https:\/\/www.radioamigavallenar.cl\/?p=32071","title":{"rendered":"M\u00e1s de 2,5 millones de clientes BancoEstado y Claro podr\u00e1n navegar en forma gratuita por internet para hacer transacciones bancarias"},"content":{"rendered":"<p>Con el objetivo de fortalecer el acceso al mundo financiero digital de personas y Pymes, BancoEstado y Claro Chile se unieron para que m\u00e1s de 2,5 millones de clientes puedan navegar en el sitio web\u00a0<a href=\"http:\/\/www.bancoestado.cl\/\">www.bancoestado.cl<\/a>\u00a0y en la app de la entidad financiera, sin descontar datos de sus planes m\u00f3viles o bolsas de prepago.<\/p>\n<p>Los detalles de la alianza entre ambas empresas, fueron dados a conocer hoy por el presidente de BancoEstado, Sebasti\u00e1n Sichel, y el director de mercado masivo m\u00f3vil de Claro, Alfonso Emperanza, quienes celebraron la iniciativa porque favorece, sobre todo, a personas que no contaban con internet por el costo que conlleva.<\/p>\n<p>Al respecto, Sebasti\u00e1n Sichel dijo que \u201ces primera vez en la historia de Chile que un banco va a tener una aplicaci\u00f3n m\u00f3vil de uso gratuito para los clientes de una compa\u00f1\u00eda de telecomunicaciones como Claro\u201d. Destac\u00f3 que con esta iniciativa \u201cel acceso al sistema financiero pasa a ser cada d\u00eda m\u00e1s igualitario\u201d, ya que los clientes ahora no tendr\u00e1n que ir hasta las sucursales para saber si les han pagado, por ejemplo, el IFE, del Ingreso M\u00ednimo Garantizado, la devoluci\u00f3n del 10% o el sueldo.<\/p>\n<p>El ejecutivo, adem\u00e1s, relev\u00f3 la importancia de hacer alianzas en beneficio de la gente, porque \u201cel futuro de nuestra econom\u00eda va a depender no de la capacidad de competir, sino de la capacidad de colaborar\u201d entre las empresas, para ofrecer mejores servicios.<\/p>\n<p>Esta alianza facilitar\u00e1 la incorporaci\u00f3n de nuevos conocimientos y herramientas financieras y digitales a millones de personas y miles de peque\u00f1as, medianas y micro empresas del pa\u00eds, ya que podr\u00e1n revisar sus cuentas, realizar transferencias y pedir cambio de clave, sin descontar sus gigas, lo cual ya se encuentra activo para todos los clientes prepago y plan de Claro.<\/p>\n<p>El director de mercado masivo m\u00f3vil de Claro, Alfonso Emperanza, en tanto, sostuvo que \u201cesta alianza nos va a permitir llegar junto con BancoEstado, uno de los bancos m\u00e1s importantes del pa\u00eds, llegar a lugares y a clientes que hoy d\u00eda la digitalizaci\u00f3n no les ha sido parte de su proceso y qu\u00e9 mejor que hacerlo a trav\u00e9s tambi\u00e9n de la inclusi\u00f3n digital financiera, que les va a permitir poder hacer todos sus procesos y atenciones del banco de manera m\u00e1s simple, mucho m\u00e1s r\u00e1pida y expedita y sin tener que pagar por esto\u201d.<\/p>\n<p>La iniciativa contempla, tambi\u00e9n, la entrega de 100 mil chip (tarjetas SIM) de prepago Claro en las sucursales Hu\u00e9rfanos, La Florida, San Miguel, La Cisterna y San Felipe de BancoEstado, con la finalidad de permitir a aquellos clientes que no tienen internet en sus tel\u00e9fonos o en sus hogares, puedan tener acceso a los canales digitales. A la fecha, se han entregado 50 mil chips.<\/p>\n<p>Asimismo, incluye un 50% de descuento en el Plan M\u00e1x M para clientes del banco que se porten a Claro, el cual consta de 45 GB y minutos libres a 300 n\u00fameros, quedando en $7.495 por 12 meses (precio normal $14.990); y la compra de equipos y\/o accesorios, de 4 a 24 cuotas sin inter\u00e9s, en sucursales Claro y en\u00a0<a href=\"http:\/\/www.clarochile.cl\/\">www.clarochile.cl<\/a>, usando tarjetas de cr\u00e9dito BancoEstado.<\/p>\n<p>Para finalizar, los ejecutivos anunciaron que pr\u00f3ximamente el banco implementar\u00e1 junto a Claro beneficios en otro tipo de servicios, como los de hogar (internet), pre pago, pymes, adem\u00e1s de ofertas especiales en equipos y accesorios.<\/p>\n","protected":false},"excerpt":{"rendered":"<p>Con el objetivo de fortalecer el acceso al mundo financiero digital de personas y Pymes, BancoEstado y Claro Chile se unieron para que m\u00e1s de&hellip; <\/p>\n","protected":false},"author":2,"featured_media":32072,"comment_status":"open","ping_status":"closed","sticky":false,"template":"","format":"standard","meta":{"footnotes":""},"categories":[37],"tags":[],"class_list":["post-32071","post","type-post","status-publish","format-standard","has-post-thumbnail","hentry","category-nacional"],"_links":{"self":[{"href":"https:\/\/www.radioamigavallenar.cl\/index.php?rest_route=\/wp\/v2\/posts\/32071","targetHints":{"allow":["GET"]}}],"collection":[{"href":"https:\/\/www.radioamigavallenar.cl\/index.php?rest_route=\/wp\/v2\/posts"}],"about":[{"href":"https:\/\/www.radioamigavallenar.cl\/index.php?rest_route=\/wp\/v2\/types\/post"}],"author":[{"embeddable":true,"href":"https:\/\/www.radioamigavallenar.cl\/index.php?rest_route=\/wp\/v2\/users\/2"}],"replies":[{"embeddable":true,"href":"https:\/\/www.radioamigavallenar.cl\/index.php?rest_route=%2Fwp%2Fv2%2Fcomments&post=32071"}],"version-history":[{"count":1,"href":"https:\/\/www.radioamigavallenar.cl\/index.php?rest_route=\/wp\/v2\/posts\/32071\/revisions"}],"predecessor-version":[{"id":32073,"href":"https:\/\/www.radioamigavallenar.cl\/index.php?rest_route=\/wp\/v2\/posts\/32071\/revisions\/32073"}],"wp:featuredmedia":[{"embeddable":true,"href":"https:\/\/www.radioamigavallenar.cl\/index.php?rest_route=\/wp\/v2\/media\/32072"}],"wp:attachment":[{"href":"https:\/\/www.radioamigavallenar.cl\/index.php?rest_route=%2Fwp%2Fv2%2Fmedia&parent=32071"}],"wp:term":[{"taxonomy":"category","embeddable":true,"href":"https:\/\/www.radioamigavallenar.cl\/index.php?rest_route=%2Fwp%2Fv2%2Fcategories&post=32071"},{"taxonomy":"post_tag","embeddable":true,"href":"https:\/\/www.radioamigavallenar.cl\/index.php?rest_route=%2Fwp%2Fv2%2Ftags&post=32071"}],"curies":[{"name":"wp","href":"https:\/\/api.w.org\/{rel}","templated":true}]}}