{"id":32069,"date":"2020-11-13T06:00:26","date_gmt":"2020-11-13T09:00:26","guid":{"rendered":"https:\/\/www.radioamigavallenar.cl\/?p=32069"},"modified":"2020-11-12T21:35:34","modified_gmt":"2020-11-13T00:35:34","slug":"onemi-declara-alerta-temprana-preventiva-para-cuatro-comunas-de-atacama-por-vientos-4","status":"publish","type":"post","link":"https:\/\/www.radioamigavallenar.cl\/?p=32069","title":{"rendered":"Onemi declara Alerta Temprana Preventiva para cuatro comunas de Atacama por vientos"},"content":{"rendered":"<p>La informaci\u00f3n proporcionada por la Direcci\u00f3n Meteorol\u00f3gica de Chile (DMC), mediante su Aviso Meteorol\u00f3gico emitido durante la presente jornada, indica que se pronostica viento de intensidad normal a moderada en cordillera de la Regi\u00f3n de Atacama, para los d\u00edas s\u00e1bado 14 y domingo 15 de noviembre.<\/p>\n<p>Conforme a este antecedente, que supone un aumento del riesgo asociado a esta variable meteorol\u00f3gica, la Direcci\u00f3n Regional de ONEMI Atacama\u00a0declara Alerta Temprana Preventiva\u00a0para las comunas de\u00a0Diego de Almagro, Copiap\u00f3, Tierra Amarilla y Alto del Carmen por viento, vigente a partir de hoy y hasta que las condiciones as\u00ed lo ameriten.<\/p>\n<p>La declaraci\u00f3n de esta alerta, se constituye como un estado de reforzamiento de la vigilancia, mediante el monitoreo preciso y riguroso de las condiciones de riesgo y las respectivas vulnerabilidades asociadas a la amenaza, coordinando y activando al Sistema de Protecci\u00f3n Civil con el fin de actuar oportunamente frente a eventuales situaciones de emergencia.<\/p>\n<p>ONEMI\u00a0recomienda a la poblaci\u00f3n permanecer en un lugar seguro y evitar salir, a menos que sea absolutamente necesario; informarse sobre las condiciones del tiempo; y alejarse del tendido el\u00e9ctrico y carteles publicitarios, ya que podr\u00edan colapsar debido al viento.<\/p>\n","protected":false},"excerpt":{"rendered":"<p>La informaci\u00f3n proporcionada por la Direcci\u00f3n Meteorol\u00f3gica de Chile (DMC), mediante su Aviso Meteorol\u00f3gico emitido durante la presente jornada, indica que se pronostica viento de&hellip; <\/p>\n","protected":false},"author":2,"featured_media":0,"comment_status":"open","ping_status":"closed","sticky":false,"template":"","format":"standard","meta":{"footnotes":""},"categories":[7],"tags":[],"class_list":["post-32069","post","type-post","status-publish","format-standard","hentry","category-atacama"],"_links":{"self":[{"href":"https:\/\/www.radioamigavallenar.cl\/index.php?rest_route=\/wp\/v2\/posts\/32069","targetHints":{"allow":["GET"]}}],"collection":[{"href":"https:\/\/www.radioamigavallenar.cl\/index.php?rest_route=\/wp\/v2\/posts"}],"about":[{"href":"https:\/\/www.radioamigavallenar.cl\/index.php?rest_route=\/wp\/v2\/types\/post"}],"author":[{"embeddable":true,"href":"https:\/\/www.radioamigavallenar.cl\/index.php?rest_route=\/wp\/v2\/users\/2"}],"replies":[{"embeddable":true,"href":"https:\/\/www.radioamigavallenar.cl\/index.php?rest_route=%2Fwp%2Fv2%2Fcomments&post=32069"}],"version-history":[{"count":1,"href":"https:\/\/www.radioamigavallenar.cl\/index.php?rest_route=\/wp\/v2\/posts\/32069\/revisions"}],"predecessor-version":[{"id":32070,"href":"https:\/\/www.radioamigavallenar.cl\/index.php?rest_route=\/wp\/v2\/posts\/32069\/revisions\/32070"}],"wp:attachment":[{"href":"https:\/\/www.radioamigavallenar.cl\/index.php?rest_route=%2Fwp%2Fv2%2Fmedia&parent=32069"}],"wp:term":[{"taxonomy":"category","embeddable":true,"href":"https:\/\/www.radioamigavallenar.cl\/index.php?rest_route=%2Fwp%2Fv2%2Fcategories&post=32069"},{"taxonomy":"post_tag","embeddable":true,"href":"https:\/\/www.radioamigavallenar.cl\/index.php?rest_route=%2Fwp%2Fv2%2Ftags&post=32069"}],"curies":[{"name":"wp","href":"https:\/\/api.w.org\/{rel}","templated":true}]}}