{"id":32066,"date":"2020-11-13T06:00:53","date_gmt":"2020-11-13T09:00:53","guid":{"rendered":"https:\/\/www.radioamigavallenar.cl\/?p=32066"},"modified":"2020-11-12T21:20:38","modified_gmt":"2020-11-13T00:20:38","slug":"campamento-las-lomitas-recibio-capacitacion-para-postular-a-fondos-de-seremi-de-gobierno-y-prodemu","status":"publish","type":"post","link":"https:\/\/www.radioamigavallenar.cl\/?p=32066","title":{"rendered":"Campamento Las Lomitas recibi\u00f3 capacitaci\u00f3n para postular a fondos de Seremi de Gobierno y PRODEMU"},"content":{"rendered":"<p>Con el objetivo de informar, analizar y explicar los procedimientos de postulaci\u00f3n al Fondo de Fortalecimiento de Organizaciones Sociales (FFOIP) del Ministerio Secretar\u00eda General de Gobierno y a la oferta program\u00e1tica de la Fundaci\u00f3n para la Promoci\u00f3n y Desarrollo de la Mujer (PRODEMU), la vocera regional, Mar\u00eda Francisca Plaza Velis y la directora regional, Johanna Fern\u00e1ndez Rodr\u00edguez llegaron hasta el campamento Las Lomitas de Copiap\u00f3.<\/p>\n<p>La actividad cont\u00f3 con gran marco de personas interesadas en postular a las ofertas expuestas. La directora regional de Prodemu junto a su equipo iniciaron la jornada explicando uno a uno los programas e iniciativas de la Fundaci\u00f3n.<\/p>\n<p>Posteriormente la Seremi de Gobierno y su equipo de la Divisi\u00f3n de Organizaciones Sociales (DOS) expusieron los detalles del FFOIP, de manera pedag\u00f3gica y con ejemplos concretos de postulaci\u00f3n.<\/p>\n<p>Al respecto, la vocera regional de Gobierno enfatiz\u00f3 que \u201caqu\u00ed en la regi\u00f3n estamos despleg\u00e1ndonos en terreno; tal como lo encomend\u00f3 nuestro Ministro Jaime Bellolio; y visitando en sus hogares y juntas de vecinos a los ciudadanos, porque sabemos que la informaci\u00f3n es importante sobre todo en estos tiempos. En este caso particular nos desplegamos junto a la directora regional Johanna Fern\u00e1ndez; a quien felicitamos por su disposici\u00f3n con la comunidad; y entregamos ejemplos did\u00e1cticos para que la organizaci\u00f3n del campamento con personalidad jur\u00eddica pueda postular al FFOIP 2021\u201d.<\/p>\n<p>Por su parte, la directora regional de PRODEMU declar\u00f3 que \u201caqu\u00ed en Copiap\u00f3 hemos estado realizando distintas actividades parta poder ac\u00e9rcanos a los vecinos, llevarles informaci\u00f3n a sus comunidades y resolver dudas respecto de nuestra oferta program\u00e1tica. Felicitar a nuestra Seremi de Gobierno, Mar\u00eda Francisca Plaza, porque tiene toda la voluntad para dialogar y escuchar a los vecinos. Tal como lo ha mandatado nuestra Primera Dama y nuestra directora nacional de PRODEMU, Paola Diez, vamos a seguir trabajando en terreno para hacer de Atacama un territorio informado, empoderado, m\u00e1s justo y equitativo\u201d.<\/p>\n<p>En lo concreto, Prodemu entreg\u00f3 informaci\u00f3n de sus rutas digitales e iniciativas dirigidas en beneficio y apoyo de las mujeres, mientras que la Seremi de Gobierno, inform\u00f3 los detalles y procedimientos de postulaci\u00f3n, ejecuci\u00f3n y rendici\u00f3n del FFOIP.<\/p>\n","protected":false},"excerpt":{"rendered":"<p>Con el objetivo de informar, analizar y explicar los procedimientos de postulaci\u00f3n al Fondo de Fortalecimiento de Organizaciones Sociales (FFOIP) del Ministerio Secretar\u00eda General de&hellip; <\/p>\n","protected":false},"author":2,"featured_media":32067,"comment_status":"open","ping_status":"closed","sticky":false,"template":"","format":"standard","meta":{"footnotes":""},"categories":[7],"tags":[],"class_list":["post-32066","post","type-post","status-publish","format-standard","has-post-thumbnail","hentry","category-atacama"],"_links":{"self":[{"href":"https:\/\/www.radioamigavallenar.cl\/index.php?rest_route=\/wp\/v2\/posts\/32066","targetHints":{"allow":["GET"]}}],"collection":[{"href":"https:\/\/www.radioamigavallenar.cl\/index.php?rest_route=\/wp\/v2\/posts"}],"about":[{"href":"https:\/\/www.radioamigavallenar.cl\/index.php?rest_route=\/wp\/v2\/types\/post"}],"author":[{"embeddable":true,"href":"https:\/\/www.radioamigavallenar.cl\/index.php?rest_route=\/wp\/v2\/users\/2"}],"replies":[{"embeddable":true,"href":"https:\/\/www.radioamigavallenar.cl\/index.php?rest_route=%2Fwp%2Fv2%2Fcomments&post=32066"}],"version-history":[{"count":1,"href":"https:\/\/www.radioamigavallenar.cl\/index.php?rest_route=\/wp\/v2\/posts\/32066\/revisions"}],"predecessor-version":[{"id":32068,"href":"https:\/\/www.radioamigavallenar.cl\/index.php?rest_route=\/wp\/v2\/posts\/32066\/revisions\/32068"}],"wp:featuredmedia":[{"embeddable":true,"href":"https:\/\/www.radioamigavallenar.cl\/index.php?rest_route=\/wp\/v2\/media\/32067"}],"wp:attachment":[{"href":"https:\/\/www.radioamigavallenar.cl\/index.php?rest_route=%2Fwp%2Fv2%2Fmedia&parent=32066"}],"wp:term":[{"taxonomy":"category","embeddable":true,"href":"https:\/\/www.radioamigavallenar.cl\/index.php?rest_route=%2Fwp%2Fv2%2Fcategories&post=32066"},{"taxonomy":"post_tag","embeddable":true,"href":"https:\/\/www.radioamigavallenar.cl\/index.php?rest_route=%2Fwp%2Fv2%2Ftags&post=32066"}],"curies":[{"name":"wp","href":"https:\/\/api.w.org\/{rel}","templated":true}]}}