{"id":32064,"date":"2020-11-13T06:00:11","date_gmt":"2020-11-13T09:00:11","guid":{"rendered":"https:\/\/www.radioamigavallenar.cl\/?p=32064"},"modified":"2020-11-12T21:19:15","modified_gmt":"2020-11-13T00:19:15","slug":"servicio-de-salud-informa-la-muerte-de-tres-pacientes-por-coronavirus-en-atacama","status":"publish","type":"post","link":"https:\/\/www.radioamigavallenar.cl\/?p=32064","title":{"rendered":"Servicio de salud informa la muerte de tres pacientes por Coronavirus en Atacama"},"content":{"rendered":"<p><strong>Uno de Copiap\u00f3 y dos de Vallenar<\/strong><span id=\"more-225461\"><\/span><\/p>\n<p>El Servicio de Salud Atacama, inform\u00f3 la tarde de ayer jueves la muerte de tres pacientes por la enfermedad.<\/p>\n<p>El primero de ellos, se trata de un paciente que estaba internado en el Hospital Regional de Copiap\u00f3. Pese a los esfuerzos de los profesionales de la salud, el paciente falleci\u00f3 debido a las complicaciones provocadas por esta grave enfermedad.<\/p>\n<p>En tanto, los otros fallecimientos corresponden a dos pacientes, una mujer y un hombre de 80 y 65 a\u00f1os de edad respectivamente y que se encontraban internados en el Hospital Provincial del Huasco de Vallenar. Estos lamentables decesos se produjeron debido a las complicaciones provocadas por esta grave enfermedad.<\/p>\n<p>Respecto a las residencias de origen, el primer paciente ten\u00eda residencia en la comuna de Copiap\u00f3. En tanto la segunda y tercer paciente registran residencia en la comuna de Vallenar. Como Regi\u00f3n de Atacama registramos un total de 89 personas fallecidas producto de la actual pandemia.<\/p>\n","protected":false},"excerpt":{"rendered":"<p>Uno de Copiap\u00f3 y dos de Vallenar El Servicio de Salud Atacama, inform\u00f3 la tarde de ayer jueves la muerte de tres pacientes por la&hellip; <\/p>\n","protected":false},"author":2,"featured_media":29454,"comment_status":"open","ping_status":"closed","sticky":false,"template":"","format":"standard","meta":{"footnotes":""},"categories":[7],"tags":[],"class_list":["post-32064","post","type-post","status-publish","format-standard","has-post-thumbnail","hentry","category-atacama"],"_links":{"self":[{"href":"https:\/\/www.radioamigavallenar.cl\/index.php?rest_route=\/wp\/v2\/posts\/32064","targetHints":{"allow":["GET"]}}],"collection":[{"href":"https:\/\/www.radioamigavallenar.cl\/index.php?rest_route=\/wp\/v2\/posts"}],"about":[{"href":"https:\/\/www.radioamigavallenar.cl\/index.php?rest_route=\/wp\/v2\/types\/post"}],"author":[{"embeddable":true,"href":"https:\/\/www.radioamigavallenar.cl\/index.php?rest_route=\/wp\/v2\/users\/2"}],"replies":[{"embeddable":true,"href":"https:\/\/www.radioamigavallenar.cl\/index.php?rest_route=%2Fwp%2Fv2%2Fcomments&post=32064"}],"version-history":[{"count":1,"href":"https:\/\/www.radioamigavallenar.cl\/index.php?rest_route=\/wp\/v2\/posts\/32064\/revisions"}],"predecessor-version":[{"id":32065,"href":"https:\/\/www.radioamigavallenar.cl\/index.php?rest_route=\/wp\/v2\/posts\/32064\/revisions\/32065"}],"wp:featuredmedia":[{"embeddable":true,"href":"https:\/\/www.radioamigavallenar.cl\/index.php?rest_route=\/wp\/v2\/media\/29454"}],"wp:attachment":[{"href":"https:\/\/www.radioamigavallenar.cl\/index.php?rest_route=%2Fwp%2Fv2%2Fmedia&parent=32064"}],"wp:term":[{"taxonomy":"category","embeddable":true,"href":"https:\/\/www.radioamigavallenar.cl\/index.php?rest_route=%2Fwp%2Fv2%2Fcategories&post=32064"},{"taxonomy":"post_tag","embeddable":true,"href":"https:\/\/www.radioamigavallenar.cl\/index.php?rest_route=%2Fwp%2Fv2%2Ftags&post=32064"}],"curies":[{"name":"wp","href":"https:\/\/api.w.org\/{rel}","templated":true}]}}