{"id":32061,"date":"2020-11-12T08:04:27","date_gmt":"2020-11-12T11:04:27","guid":{"rendered":"https:\/\/www.radioamigavallenar.cl\/?p=32061"},"modified":"2020-11-12T13:05:23","modified_gmt":"2020-11-12T16:05:23","slug":"empresas-exportadoras-de-atacama-participaron-en-e-mision-comercial-al-mercado-de-dubai","status":"publish","type":"post","link":"https:\/\/www.radioamigavallenar.cl\/?p=32061","title":{"rendered":"Empresas exportadoras de Atacama participaron en e-Misi\u00f3n Comercial al mercado de Dub\u00e1i"},"content":{"rendered":"<p><strong>Actividad orientada al sector de fruta fresca y seca regional, incluy\u00f3 una Rueda de Negocios con importadores internacionales.\u00a0\u00a0<\/strong><span id=\"more-128416\"><\/span><\/p>\n<p>Buscando apoyar la internacionalizaci\u00f3n de las empresas de Atacama, la Oficina Regional de ProChile desarroll\u00f3 una e-Misi\u00f3n Comercial a Dub\u00e1i, actividad in\u00e9dita dado el contexto sanitario, que incluy\u00f3 una exposici\u00f3n comercial a cargo del Director de la OFICOM de ProChile en Dub\u00e1i, Carlos Salas, adem\u00e1s de una Rueda de Negocios con participaci\u00f3n de productores locales de fruta fresca (uva y aceitunas)\u00a0\u00a0y seca (pasas), e importadores internacionales.<\/p>\n<p>De acuerdo a la Directora (s) de ProChile Atacama, Claudia Pradenas, se defini\u00f3 este mercado\u00a0dada sus caracter\u00edsticas comerciales favorables para los productos locales, como el aspecto arancelario para importaciones en el sector alimentos, sus oportunidades comerciales para las exportaciones de fruta fresca y seca, y su necesidad de importar alimentos dada su escasa producci\u00f3n propia por condiciones clim\u00e1ticas.<\/p>\n<p>\u201cTeniendo en cuenta que el 2019 las exportaciones chilenas del sector alimentos al mercado de Dub\u00e1i superaron los US$ FOB 255 millones, consideramos dentro de nuestra planificaci\u00f3n esta misi\u00f3n comercial que, dado el contexto sanitario, proyectamos de manera virtual junto a nuestra OFICOM, incorporando una Rueda de Negocios y una Exposici\u00f3n sobre las oportunidades que presenta el mercado de EAU para los sectores productivos regionales y c\u00f3mo abordarlas\u201d, explic\u00f3 Pradenas.<\/p>\n<p>Por su parte, en su exposici\u00f3n acerca de las oportunidades existentes en EAU para exportadores atacame\u00f1os, el Director de la OFICOM de Dub\u00e1i agreg\u00f3 que otra importante raz\u00f3n para mirar con buenos ojos este mercado es que se presenta como un puente para abarcar la zona de Emiratos \u00c1rabes Unidos, ya que desde Dub\u00e1i tambi\u00e9n se re-exporta hacia otros pa\u00edses como Kuwait o Irak, proyect\u00e1ndose comercialmente en la regi\u00f3n de Menasa (Medio Oriente, sur Asia y norte de \u00c1frica).<\/p>\n<p>Cabe destacar que tras la Exposici\u00f3n los exportadores locales pudieron resolver dudas, adem\u00e1s de compartir experiencias comerciales en este mercado, como fue el caso de los representantes de Natural Chile,\u00a0Atacama Aceitunas, y Empresa Savex.\u00a0\u00a0En tanto, en la segunda jornada de la e-Misi\u00f3n Comercial, las empresas regionales participaron en la Rueda de Negocios.<\/p>\n<p>Entre las exportadoras regionales consideradas en esta e-Misi\u00f3n Comercial a Dub\u00e1i, se encuentran\u00a0\u00a0Agrofruta S.A., exportadora Valle Way SPA, exportadora Manuel Gandarillas, Empresa SAVEX, Atacama Aceitunas, Empresa I`Fruit, y Agrocastilla Limitada.<\/p>\n","protected":false},"excerpt":{"rendered":"<p>Actividad orientada al sector de fruta fresca y seca regional, incluy\u00f3 una Rueda de Negocios con importadores internacionales.\u00a0\u00a0 Buscando apoyar la internacionalizaci\u00f3n de las empresas&hellip; <\/p>\n","protected":false},"author":2,"featured_media":32062,"comment_status":"open","ping_status":"closed","sticky":false,"template":"","format":"standard","meta":{"footnotes":""},"categories":[38],"tags":[],"class_list":["post-32061","post","type-post","status-publish","format-standard","has-post-thumbnail","hentry","category-portada-regional"],"_links":{"self":[{"href":"https:\/\/www.radioamigavallenar.cl\/index.php?rest_route=\/wp\/v2\/posts\/32061","targetHints":{"allow":["GET"]}}],"collection":[{"href":"https:\/\/www.radioamigavallenar.cl\/index.php?rest_route=\/wp\/v2\/posts"}],"about":[{"href":"https:\/\/www.radioamigavallenar.cl\/index.php?rest_route=\/wp\/v2\/types\/post"}],"author":[{"embeddable":true,"href":"https:\/\/www.radioamigavallenar.cl\/index.php?rest_route=\/wp\/v2\/users\/2"}],"replies":[{"embeddable":true,"href":"https:\/\/www.radioamigavallenar.cl\/index.php?rest_route=%2Fwp%2Fv2%2Fcomments&post=32061"}],"version-history":[{"count":1,"href":"https:\/\/www.radioamigavallenar.cl\/index.php?rest_route=\/wp\/v2\/posts\/32061\/revisions"}],"predecessor-version":[{"id":32063,"href":"https:\/\/www.radioamigavallenar.cl\/index.php?rest_route=\/wp\/v2\/posts\/32061\/revisions\/32063"}],"wp:featuredmedia":[{"embeddable":true,"href":"https:\/\/www.radioamigavallenar.cl\/index.php?rest_route=\/wp\/v2\/media\/32062"}],"wp:attachment":[{"href":"https:\/\/www.radioamigavallenar.cl\/index.php?rest_route=%2Fwp%2Fv2%2Fmedia&parent=32061"}],"wp:term":[{"taxonomy":"category","embeddable":true,"href":"https:\/\/www.radioamigavallenar.cl\/index.php?rest_route=%2Fwp%2Fv2%2Fcategories&post=32061"},{"taxonomy":"post_tag","embeddable":true,"href":"https:\/\/www.radioamigavallenar.cl\/index.php?rest_route=%2Fwp%2Fv2%2Ftags&post=32061"}],"curies":[{"name":"wp","href":"https:\/\/api.w.org\/{rel}","templated":true}]}}