{"id":32055,"date":"2020-11-12T06:00:56","date_gmt":"2020-11-12T09:00:56","guid":{"rendered":"https:\/\/www.radioamigavallenar.cl\/?p=32055"},"modified":"2020-11-12T12:19:25","modified_gmt":"2020-11-12T15:19:25","slug":"hospitalizacion-domiciliaria-registra-mas-de-6-mil-atenciones-en-atacama","status":"publish","type":"post","link":"https:\/\/www.radioamigavallenar.cl\/?p=32055","title":{"rendered":"Hospitalizaci\u00f3n domiciliaria registra m\u00e1s de 6 Mil atenciones en Atacama"},"content":{"rendered":"<p>Al respecto el Director del Servicio de Salud, Claudio Baeza manifest\u00f3 que \u201cesta estrategia permite recuperar a los pacientes en su domicilio, bajo un seguimiento constante de un equipo de salud y otorgando una atenci\u00f3n m\u00e1s cercana. Gracias al trabajo de estos equipos multidisciplinarios son m\u00e1s de 6000 las atenciones otorgadas a los usuarios desde que comenz\u00f3 la pandemia en Atacama. Sin duda una gran estrategia que permite seguir fortaleciendo nuestra atenci\u00f3n\u201d.<\/p>\n<p>Estrategia que cuenta con m\u00e1s de 20 equipos a nivel regional con apoyo de la Atenci\u00f3n Primaria y que presenta cifras positivas en sus atenciones. En el caso del Hospital Regional de Copiap\u00f3, su equipo registra m\u00e1s de 3200 atenciones con m\u00e1s de 400 pacientes ingresados al programa que cuenta con m\u00e9dicos, kinesi\u00f3logos, enfermeros y conductores.<\/p>\n<p>Por otro lado, el equipo del Servicio de Salud liderado por m\u00e9dicos se encarga del seguimiento a los casos positivos y contactos estrechos por coronavirus realizando visitas cada 48 horas, entregando altas m\u00e9dicas y tambi\u00e9n atenciones a pacientes cr\u00f3nicos con dependencia severa derivados del Fono Atacama Salud, entre otras atenciones m\u00e1s. Equipo que registra m\u00e1s de 3000 atenciones en domicilio y m\u00e1s de 9000 seguimientos telef\u00f3nicos a los usuarios.<\/p>\n<p>\u201cComo familia hemos quedado muy agradecidos por el servicio profesional y de excelencia que le entregaron a nuestra abuelita, ya que adem\u00e1s de cumplir a cabalidad con su maravillosa labor m\u00e9dica, tambi\u00e9n han estado muy comprometidos con la parte humana y emocional. Mi abuelita como paciente se sinti\u00f3 muy acogida, contenida e importante, lo que sin duda alguna ayud\u00f3 a su pronta recuperaci\u00f3n. Es un servicio muy integral que jam\u00e1s hab\u00edamos vivido, por lo que nos deja muy felices saber que hoy en d\u00eda se pueda contar con ello\u201d finaliz\u00f3 familia atacame\u00f1a, atendida en programa HDOM del Hospital Regional de Copiap\u00f3.<\/p>\n","protected":false},"excerpt":{"rendered":"<p>Al respecto el Director del Servicio de Salud, Claudio Baeza manifest\u00f3 que \u201cesta estrategia permite recuperar a los pacientes en su domicilio, bajo un seguimiento&hellip; <\/p>\n","protected":false},"author":2,"featured_media":32056,"comment_status":"open","ping_status":"closed","sticky":false,"template":"","format":"standard","meta":{"footnotes":""},"categories":[38],"tags":[],"class_list":["post-32055","post","type-post","status-publish","format-standard","has-post-thumbnail","hentry","category-portada-regional"],"_links":{"self":[{"href":"https:\/\/www.radioamigavallenar.cl\/index.php?rest_route=\/wp\/v2\/posts\/32055","targetHints":{"allow":["GET"]}}],"collection":[{"href":"https:\/\/www.radioamigavallenar.cl\/index.php?rest_route=\/wp\/v2\/posts"}],"about":[{"href":"https:\/\/www.radioamigavallenar.cl\/index.php?rest_route=\/wp\/v2\/types\/post"}],"author":[{"embeddable":true,"href":"https:\/\/www.radioamigavallenar.cl\/index.php?rest_route=\/wp\/v2\/users\/2"}],"replies":[{"embeddable":true,"href":"https:\/\/www.radioamigavallenar.cl\/index.php?rest_route=%2Fwp%2Fv2%2Fcomments&post=32055"}],"version-history":[{"count":1,"href":"https:\/\/www.radioamigavallenar.cl\/index.php?rest_route=\/wp\/v2\/posts\/32055\/revisions"}],"predecessor-version":[{"id":32057,"href":"https:\/\/www.radioamigavallenar.cl\/index.php?rest_route=\/wp\/v2\/posts\/32055\/revisions\/32057"}],"wp:featuredmedia":[{"embeddable":true,"href":"https:\/\/www.radioamigavallenar.cl\/index.php?rest_route=\/wp\/v2\/media\/32056"}],"wp:attachment":[{"href":"https:\/\/www.radioamigavallenar.cl\/index.php?rest_route=%2Fwp%2Fv2%2Fmedia&parent=32055"}],"wp:term":[{"taxonomy":"category","embeddable":true,"href":"https:\/\/www.radioamigavallenar.cl\/index.php?rest_route=%2Fwp%2Fv2%2Fcategories&post=32055"},{"taxonomy":"post_tag","embeddable":true,"href":"https:\/\/www.radioamigavallenar.cl\/index.php?rest_route=%2Fwp%2Fv2%2Ftags&post=32055"}],"curies":[{"name":"wp","href":"https:\/\/api.w.org\/{rel}","templated":true}]}}