{"id":32052,"date":"2020-11-12T11:28:35","date_gmt":"2020-11-12T14:28:35","guid":{"rendered":"https:\/\/www.radioamigavallenar.cl\/?p=32052"},"modified":"2020-11-12T11:28:35","modified_gmt":"2020-11-12T14:28:35","slug":"llaman-a-cobrar-el-ingreso-minimo-garantizado-mas-de-700-millones-pendientes","status":"publish","type":"post","link":"https:\/\/www.radioamigavallenar.cl\/?p=32052","title":{"rendered":"Llaman a cobrar el Ingreso M\u00ednimo Garantizado: m\u00e1s de $700 millones pendientes"},"content":{"rendered":"<p>Este jueves, el gobierno llam\u00f3\u00a0 a cobrar los montos pendientes del\u00a0Ingreso M\u00ednimo Garantizado (IMG).<\/p>\n<p>Se trata de una ayuda econ\u00f3mica para los trabajadores dependientes con jornada ordinaria (es decir mayor a 30 horas).El subsidio permite aumentar los ingresos de los trabajadores de manera que se pueda garantizar un sueldo liquido de $300.000 pesos.<\/p>\n<p>En este contexto, la ministra de Desarrollo Social y Familia, Karla Rubilar; y el presidente de Banco Estado, Sebasti\u00e1n Sichel, lanzaron la campa\u00f1a #NoPierdasTuIngreso.<\/p>\n<p>Seg\u00fan detallaron las autoridades, cerca de 30 mil personas todav\u00eda no retiran el dinero.<\/p>\n<h2 style=\"text-align: center;\"><b>Requisitos para acceder al beneficio<\/b><\/h2>\n<p>\u2013 Debes ser un trabajador dependiente.<br \/>\n\u2013 Tu contrato debe estar suscrito al C\u00f3digo del Trabajo.<br \/>\n\u2013 El sueldo bruto debe ser menor a $384.363 pesos.<br \/>\n\u2013 Tu contrato debe tener una jornada ordinaria, es decir superior a 30 horas y hasta 45 horas semanales.<br \/>\n\u2013 La calificaci\u00f3n socioecon\u00f3mica debe estar dentro del tramo del 90% de acuerdo al\u00a0<a href=\"http:\/\/www.registrosocial.gob.cl\/\" target=\"_blank\" rel=\"noopener noreferrer\">Registro Social de Hogares<\/a>\u00a0(RSH).<\/p>\n<p>Si bien la postulaci\u00f3n se puede realizar en\u00a0<a href=\"https:\/\/www.ingresominimo.cl\/\">www.ingresominimo.cl<\/a>; si necesitas hacer el tr\u00e1mite urgentemente de forma presencial, revisa el estado de las\u00a0<a href=\"https:\/\/www.chileatiende.gob.cl\/ayuda\/sucursales\">Sucursales ChileAtiende.<\/a><\/p>\n","protected":false},"excerpt":{"rendered":"<p>Este jueves, el gobierno llam\u00f3\u00a0 a cobrar los montos pendientes del\u00a0Ingreso M\u00ednimo Garantizado (IMG). Se trata de una ayuda econ\u00f3mica para los trabajadores dependientes con&hellip; <\/p>\n","protected":false},"author":2,"featured_media":32053,"comment_status":"open","ping_status":"closed","sticky":false,"template":"","format":"standard","meta":{"footnotes":""},"categories":[37],"tags":[],"class_list":["post-32052","post","type-post","status-publish","format-standard","has-post-thumbnail","hentry","category-nacional"],"_links":{"self":[{"href":"https:\/\/www.radioamigavallenar.cl\/index.php?rest_route=\/wp\/v2\/posts\/32052","targetHints":{"allow":["GET"]}}],"collection":[{"href":"https:\/\/www.radioamigavallenar.cl\/index.php?rest_route=\/wp\/v2\/posts"}],"about":[{"href":"https:\/\/www.radioamigavallenar.cl\/index.php?rest_route=\/wp\/v2\/types\/post"}],"author":[{"embeddable":true,"href":"https:\/\/www.radioamigavallenar.cl\/index.php?rest_route=\/wp\/v2\/users\/2"}],"replies":[{"embeddable":true,"href":"https:\/\/www.radioamigavallenar.cl\/index.php?rest_route=%2Fwp%2Fv2%2Fcomments&post=32052"}],"version-history":[{"count":1,"href":"https:\/\/www.radioamigavallenar.cl\/index.php?rest_route=\/wp\/v2\/posts\/32052\/revisions"}],"predecessor-version":[{"id":32054,"href":"https:\/\/www.radioamigavallenar.cl\/index.php?rest_route=\/wp\/v2\/posts\/32052\/revisions\/32054"}],"wp:featuredmedia":[{"embeddable":true,"href":"https:\/\/www.radioamigavallenar.cl\/index.php?rest_route=\/wp\/v2\/media\/32053"}],"wp:attachment":[{"href":"https:\/\/www.radioamigavallenar.cl\/index.php?rest_route=%2Fwp%2Fv2%2Fmedia&parent=32052"}],"wp:term":[{"taxonomy":"category","embeddable":true,"href":"https:\/\/www.radioamigavallenar.cl\/index.php?rest_route=%2Fwp%2Fv2%2Fcategories&post=32052"},{"taxonomy":"post_tag","embeddable":true,"href":"https:\/\/www.radioamigavallenar.cl\/index.php?rest_route=%2Fwp%2Fv2%2Ftags&post=32052"}],"curies":[{"name":"wp","href":"https:\/\/api.w.org\/{rel}","templated":true}]}}