{"id":32049,"date":"2020-11-12T11:13:33","date_gmt":"2020-11-12T14:13:33","guid":{"rendered":"https:\/\/www.radioamigavallenar.cl\/?p=32049"},"modified":"2020-11-12T11:13:33","modified_gmt":"2020-11-12T14:13:33","slug":"cmp-realiza-feria-enfocada-en-la-educacion-positiva-y-el-bienestar-compartido","status":"publish","type":"post","link":"https:\/\/www.radioamigavallenar.cl\/?p=32049","title":{"rendered":"CMP realiza feria enfocada en la educaci\u00f3n positiva y el bienestar compartido"},"content":{"rendered":"<p class=\"v1MsoListParagraph\" align=\"center\"><b><span lang=\"ES\">La jornada, apoyada por el Servicio de Educaci\u00f3n P\u00fablica, SLEP Huasco, Instituto del BienEstar y UAI, reuni\u00f3 a m\u00e1s de 150 asistentes.<\/span><\/b><span id=\"more-128376\"><\/span><\/p>\n<p class=\"v1MsoNormal\"><span lang=\"ES\">Anualmente, Compa\u00f1\u00eda Minera del Pac\u00edfico (CMP) realiza en Vallenar una feria de orientaci\u00f3n vocacional dirigida a estudiantes de la provincia de Huasco que cursan cuarto a\u00f1o medio, con el objetivo de contribuir en su toma de decisiones hacia la educaci\u00f3n superior.<\/span><\/p>\n<p class=\"v1MsoNormal\"><span lang=\"ES\">Este a\u00f1o, considerando la emergencia sanitaria y sus repercusiones, la compa\u00f1\u00eda estim\u00f3 oportuno modificar la actividad, enfocando sus esfuerzos en entregar estrategias pr\u00e1cticas para que los j\u00f3venes aborden el autocuidado, la toma de decisiones y gesti\u00f3n emocional; as\u00ed como ayudarlos a discernir el presente y futuro mediante sus fortalezas e intereses.<\/span><\/p>\n<p class=\"v1MsoNormal\"><span lang=\"ES\">Fue as\u00ed como surgi\u00f3 la Feria J\u00f3venes 2020, que bajo el lema \u2018Educaci\u00f3n Positiva y Bienestar Compartido\u2019 cont\u00f3 con la participaci\u00f3n de m\u00e1s de 150 asistentes, quienes escucharon atentamente la exposici\u00f3n \u2018Protagonista de mis decisiones: prepar\u00e1ndonos para un nuevo mundo\u2019, impartida por el m\u00e9dico siquiatra, Daniel Mart\u00ednez; y las sic\u00f3logas, Paulina Ortiz, Leonor Corada y Ester Pinto.<\/span><\/p>\n<p class=\"v1MsoNormal\"><span lang=\"ES\">Posteriormente, los estudiantes de la provincia de Huasco e hijos de trabajadores CMP, tuvieron la oportunidad de ser parte de uno de los siguientes talleres: Gesti\u00f3n Emocional; Contenci\u00f3n Emocional: estrategias de manejo del estr\u00e9s, la ansiedad y frustraci\u00f3n; Fortalezas y Recursos Personales; y Sentido y Prop\u00f3sito de Vida.<\/span><\/p>\n<p class=\"v1MsoNormal\"><span lang=\"ES\">La jornada tuvo entre sus filas al gerente general de Compa\u00f1\u00eda Minera del Pac\u00edfico, Francisco Carvajal, quien incentiv\u00f3 a los part\u00edcipes a tomar decisiones en pro del crecimiento local. \u201cLo que hace CMP es miner\u00eda para el desarrollo del territorio, siendo una empresa minera en la que su gente vive en el mismo lugar donde trabaja\u201d, asegur\u00f3.<\/span><\/p>\n<p class=\"v1MsoNormal\"><span lang=\"ES\">\u201cEn este sentido los invito a participar con mucho entusiasmo, van a adquirir informaci\u00f3n valiosa para tomar decisiones, las cuales ojal\u00e1 sean con el coraz\u00f3n y tengan cercan\u00eda con el territorio donde cada uno de ustedes, y sus familias, crecieron y se desarrollaron\u201d, complement\u00f3 el ejecutivo.<\/span><\/p>\n<p class=\"v1MsoNormal\"><span lang=\"ES\">Cabe destacar que la actividad cont\u00f3 con el apoyo del Servicio de Educaci\u00f3n P\u00fablica, el Servicio Local de Educaci\u00f3n P\u00fablica (SLEP) Huasco, el Instituto del BienEstar y la Universidad Adolfo Ib\u00e1\u00f1ez.<\/span><\/p>\n","protected":false},"excerpt":{"rendered":"<p>La jornada, apoyada por el Servicio de Educaci\u00f3n P\u00fablica, SLEP Huasco, Instituto del BienEstar y UAI, reuni\u00f3 a m\u00e1s de 150 asistentes. Anualmente, Compa\u00f1\u00eda Minera&hellip; <\/p>\n","protected":false},"author":2,"featured_media":32050,"comment_status":"open","ping_status":"closed","sticky":false,"template":"","format":"standard","meta":{"footnotes":""},"categories":[7],"tags":[],"class_list":["post-32049","post","type-post","status-publish","format-standard","has-post-thumbnail","hentry","category-atacama"],"_links":{"self":[{"href":"https:\/\/www.radioamigavallenar.cl\/index.php?rest_route=\/wp\/v2\/posts\/32049","targetHints":{"allow":["GET"]}}],"collection":[{"href":"https:\/\/www.radioamigavallenar.cl\/index.php?rest_route=\/wp\/v2\/posts"}],"about":[{"href":"https:\/\/www.radioamigavallenar.cl\/index.php?rest_route=\/wp\/v2\/types\/post"}],"author":[{"embeddable":true,"href":"https:\/\/www.radioamigavallenar.cl\/index.php?rest_route=\/wp\/v2\/users\/2"}],"replies":[{"embeddable":true,"href":"https:\/\/www.radioamigavallenar.cl\/index.php?rest_route=%2Fwp%2Fv2%2Fcomments&post=32049"}],"version-history":[{"count":1,"href":"https:\/\/www.radioamigavallenar.cl\/index.php?rest_route=\/wp\/v2\/posts\/32049\/revisions"}],"predecessor-version":[{"id":32051,"href":"https:\/\/www.radioamigavallenar.cl\/index.php?rest_route=\/wp\/v2\/posts\/32049\/revisions\/32051"}],"wp:featuredmedia":[{"embeddable":true,"href":"https:\/\/www.radioamigavallenar.cl\/index.php?rest_route=\/wp\/v2\/media\/32050"}],"wp:attachment":[{"href":"https:\/\/www.radioamigavallenar.cl\/index.php?rest_route=%2Fwp%2Fv2%2Fmedia&parent=32049"}],"wp:term":[{"taxonomy":"category","embeddable":true,"href":"https:\/\/www.radioamigavallenar.cl\/index.php?rest_route=%2Fwp%2Fv2%2Fcategories&post=32049"},{"taxonomy":"post_tag","embeddable":true,"href":"https:\/\/www.radioamigavallenar.cl\/index.php?rest_route=%2Fwp%2Fv2%2Ftags&post=32049"}],"curies":[{"name":"wp","href":"https:\/\/api.w.org\/{rel}","templated":true}]}}